{"id":63222,"date":"2025-05-14T09:29:47","date_gmt":"2025-05-14T12:29:47","guid":{"rendered":"https:\/\/informateesquina.com\/?p=63222"},"modified":"2025-05-14T09:29:47","modified_gmt":"2025-05-14T12:29:47","slug":"el-papa-leon-xiv-llamo-a-los-lideres-del-mundo-a-negociar-la-paz","status":"publish","type":"post","link":"http:\/\/informateesquina.com\/?p=63222","title":{"rendered":"El papa Le\u00f3n XIV llam\u00f3 a los l\u00edderes del mundo a negociar la paz"},"content":{"rendered":"<div>\n<p class=\"copete\">Durante un discurso ante representantes de las Iglesias orientales, el Sumo Pont\u00edfice afirm\u00f3 que \u201cla guerra nunca es inevitable\u201d y que las armas solo agravan los conflictos. Tambi\u00e9n ofreci\u00f3 a la Santa Sede como espacio de encuentro entre partes enfrentadas.<\/p>\n<div>\n<div class=\"fotos-y-videos\">\n<div class=\"tab-content\">\n<div id=\"fotos\" class=\"tab-pane fade in active\" role=\"tabpanel\"><a class=\"fotos-desarrollo unlink\" title=\"El papa Le\u00f3n XIV llam\u00f3 a los l\u00edderes del mundo a negociar la paz\" href=\"https:\/\/www.radiosudamericana.com\/notix\/multimedia\/imagenes\/fotos\/2025-05-14\/530959.jpg\"><img loading=\"lazy\" decoding=\"async\" class=\"img-responsive lazyload center-block\" src=\"https:\/\/www.radiosudamericana.com\/notix\/multimedia\/imagenes\/fotos\/2025-05-14\/530959.jpg_nota.jpg\" alt=\"El papa Le\u00f3n XIV llam\u00f3 a los l\u00edderes del mundo a negociar la paz\" width=\"700\" height=\"524\" \/><\/a><\/div>\n<\/div>\n<\/div>\n<div class=\"cuerpo\">\n<p>El papa Le\u00f3n XIV realiz\u00f3 este mi\u00e9rcoles un fuerte llamado a la paz mundial y exhort\u00f3 a los l\u00edderes pol\u00edticos a abrir canales de di\u00e1logo para frenar los conflictos armados.\u00a0<strong><em>\u201cLos pueblos quieren la paz y yo, con el coraz\u00f3n en la mano, digo a los responsables de los pueblos: \u00a1encontr\u00e9monos, dialoguemos, negociemos! La guerra nunca es inevitable, las armas pueden y deben ser silenciadas, porque no resuelven los problemas, sino que los aumentan\u201d<\/em><\/strong>, expres\u00f3 desde el aula Pablo VI del Vaticano.<\/p>\n<p>&nbsp;<\/p>\n<div id=\"leermas\"><\/div>\n<p>&nbsp;<\/p>\n<p>Sus palabras se pronunciaron en el marco del Jubileo con representantes de las Iglesias orientales, muchos de ellos llegados desde regiones afectadas por la guerra como Siria, Ucrania, L\u00edbano o Irak. El Papa se refiri\u00f3 con preocupaci\u00f3n a los numerosos focos de violencia activos en el mundo:\u00a0<strong><em>\u201cDesde Tierra Santa hasta Ucrania, desde L\u00edbano hasta Siria, desde Oriente Medio hasta Tigray y el C\u00e1ucaso, \u00a1cu\u00e1nta violencia!\u201d<\/em><\/strong>.<\/p>\n<p>En su mensaje, Le\u00f3n XIV reiter\u00f3 la disposici\u00f3n del Vaticano para facilitar espacios de encuentro:\u00a0<strong><em>\u201cLa Santa Sede est\u00e1 disponible para que los enemigos se encuentren y se miren a los ojos, para que se devuelva a las personas la esperanza y la dignidad que merecen, la dignidad de la paz\u201d<\/em><\/strong>. A su vez, asegur\u00f3 que har\u00e1\u00a0<strong><em>&#8220;todos los esfuerzos para que esta paz prevalezca&#8221;<\/em><\/strong>.<\/p>\n<p>El Sumo Pont\u00edfice tambi\u00e9n cuestion\u00f3 las visiones polarizadas que dominan el discurso b\u00e9lico.\u00a0<strong><em>\u201cPasar\u00e1 a la historia quien sembrar\u00e1 la paz, no quien cosechar\u00e1 v\u00edctimas; porque los otros no son ante todo enemigos, sino seres humanos: no villanos a los que odiar, sino personas con las que hablar. Rechacemos las visiones maniqueas t\u00edpicas de las narraciones violentas, que dividen el mundo en buenos y malos\u201d<\/em><\/strong>.<\/p>\n<p>En la antesala del esperado encuentro en Turqu\u00eda entre representantes de Rusia y Ucrania, Le\u00f3n XIV inst\u00f3 a rezar por una paz basada en la reconciliaci\u00f3n y el perd\u00f3n. Mientras el presidente ucraniano Volod\u00edmir Zelenski ya expres\u00f3 su voluntad de participar, el mandatario ruso Vladimir Putin a\u00fan no confirm\u00f3 su asistencia.<\/p>\n<p>El Papa tambi\u00e9n dedic\u00f3 un mensaje especial a los cristianos de Oriente Medio:\u00a0<strong><em>\u201cRezo por los cristianos, orientales y latinos, que perseveran y resisten en sus tierras, m\u00e1s fuertes que la tentaci\u00f3n de abandonarlas. A ellos se les debe dar la oportunidad, no solo de palabra, de permanecer en sus tierras con todos los derechos necesarios para una existencia segura\u201d<\/em><\/strong>.<\/p>\n<p>Finalmente, concluy\u00f3 con una frase que resume el tono de su intervenci\u00f3n:\u00a0<strong><em>\u201cLa Iglesia no se cansar\u00e1 de repetir: que callen las armas\u201d<\/em><\/strong>.<\/p>\n<\/div>\n<\/div>\n<div id=\"Native-MultiPlex\" data-google-query-id=\"CJ6am4f7oo0DFbtLuAQd2_kQSw\">\n<div id=\"google_ads_iframe_\/21849154601,21669678094\/Ad.Plus-MultiPlex_0__container__\">Radio Sudamericana<\/div>\n<\/div>\n<\/div>\n","protected":false},"excerpt":{"rendered":"<p>Durante un discurso ante representantes de las Iglesias orientales, el Sumo Pont\u00edfice afirm\u00f3 que \u201cla guerra nunca es inevitable\u201d y que las armas solo agravan los conflictos. Tambi\u00e9n ofreci\u00f3 a la Santa Sede como espacio de encuentro entre partes enfrentadas. El papa Le\u00f3n XIV realiz\u00f3 este mi\u00e9rcoles un fuerte llamado a la paz mundial y [&hellip;]<\/p>\n","protected":false},"author":3,"featured_media":63223,"comment_status":"open","ping_status":"open","sticky":false,"template":"","format":"standard","meta":{"footnotes":""},"categories":[5],"tags":[],"class_list":["post-63222","post","type-post","status-publish","format-standard","has-post-thumbnail","hentry","category-internacionales"],"_links":{"self":[{"href":"http:\/\/informateesquina.com\/index.php?rest_route=\/wp\/v2\/posts\/63222","targetHints":{"allow":["GET"]}}],"collection":[{"href":"http:\/\/informateesquina.com\/index.php?rest_route=\/wp\/v2\/posts"}],"about":[{"href":"http:\/\/informateesquina.com\/index.php?rest_route=\/wp\/v2\/types\/post"}],"author":[{"embeddable":true,"href":"http:\/\/informateesquina.com\/index.php?rest_route=\/wp\/v2\/users\/3"}],"replies":[{"embeddable":true,"href":"http:\/\/informateesquina.com\/index.php?rest_route=%2Fwp%2Fv2%2Fcomments&post=63222"}],"version-history":[{"count":1,"href":"http:\/\/informateesquina.com\/index.php?rest_route=\/wp\/v2\/posts\/63222\/revisions"}],"predecessor-version":[{"id":63224,"href":"http:\/\/informateesquina.com\/index.php?rest_route=\/wp\/v2\/posts\/63222\/revisions\/63224"}],"wp:featuredmedia":[{"embeddable":true,"href":"http:\/\/informateesquina.com\/index.php?rest_route=\/wp\/v2\/media\/63223"}],"wp:attachment":[{"href":"http:\/\/informateesquina.com\/index.php?rest_route=%2Fwp%2Fv2%2Fmedia&parent=63222"}],"wp:term":[{"taxonomy":"category","embeddable":true,"href":"http:\/\/informateesquina.com\/index.php?rest_route=%2Fwp%2Fv2%2Fcategories&post=63222"},{"taxonomy":"post_tag","embeddable":true,"href":"http:\/\/informateesquina.com\/index.php?rest_route=%2Fwp%2Fv2%2Ftags&post=63222"}],"curies":[{"name":"wp","href":"https:\/\/api.w.org\/{rel}","templated":true}]}}