{"id":63231,"date":"2025-05-14T21:59:58","date_gmt":"2025-05-15T00:59:58","guid":{"rendered":"https:\/\/informateesquina.com\/?p=63231"},"modified":"2025-05-14T21:59:58","modified_gmt":"2025-05-15T00:59:58","slug":"ypf-aumento-levemente-el-precio-de-los-combustibles","status":"publish","type":"post","link":"http:\/\/informateesquina.com\/?p=63231","title":{"rendered":"YPF aument\u00f3 levemente el precio de los combustibles"},"content":{"rendered":"<div>\n<p>El incremento fue de entre 0,2% y 0,46%, y respondi\u00f3 al ajuste en el precio del biodiesel dispuesto por el Gobierno. La suba se aplic\u00f3 tras la reducci\u00f3n del 4% promedio que la petrolera estatal implement\u00f3 a comienzos de mayo<\/p>\n<figure class=\"big-column\"><picture><img loading=\"lazy\" decoding=\"async\" class=\"pic\" src=\"https:\/\/www.diarioepoca.com\/content\/bucket\/9\/1404999w850h567c.webp.webp\" alt=\"\" width=\"850\" height=\"567\" \/><\/picture><\/figure>\n<div class=\"main-text\">\n<div class=\"social\">\n<div class=\"share\"><\/div>\n<\/div>\n<p>Los carteles de YPF amanecieron este mi\u00e9rcoles con un ajuste promedio de entre 0,2% y 0,46% en los precios de los combustibles. Seg\u00fan fuentes de la petrolera estatal, el aumento respondi\u00f3 a la suba en los valores del biocombustible que se mezcla de forma obligatoria con la nafta y el gasoil que dispuso el Gobierno.<\/p>\n<p>El nuevo incremento, calificado como &#8220;imperceptible&#8221; por voceros de la compa\u00f1\u00eda, se produjo luego de la baja promedio del 4% que la empresa hab\u00eda aplicado a principios de mayo, motivada por la ca\u00edda en los precios internacionales del petr\u00f3leo, que ahora muestra signos de recuperaci\u00f3n. Las otras petroleras se hab\u00edan movido en el mismo sentido.<\/p>\n<p>La Secretaria de Energ\u00eda de la Naci\u00f3n public\u00f3 ayer en el Bolet\u00edn Oficial un incremento del precio de los biocombustibles, los cuales fueron trasladados proporcionalmente al precio de los combustibles en el surtidor de YPF. &#8220;Los aumentos fueron de 0,22% en la nafta s\u00faper, 0,19% en la premium, 0,46% en el gasoil y 0,40% en el di\u00e9sel. Se trata de una suba de entre $2 y $3 por litro&#8221;, detallaron a Infobae fuentes de la empresa.<\/p>\n<p>En la petrolera estatal reiteraron su compromiso de mantener &#8220;un acuerdo honesto con los consumidores&#8221;, que se basa en el monitoreo continuo de las principales variables que componen el precio de nuestro producto: precio internacional del petr\u00f3leo, tipo de cambio, impuestos a los combustibles y biocombustibles.<\/p>\n<p>Las competidoras de YPF se sumaron a la petrolera estatal y aplicaron desde este mes una baja en los precios de sus combustibles, seg\u00fan un relevamiento de Infobae con fuentes del mercado. En las pr\u00f3ximas horas las otras empresas tambi\u00e9n podr\u00edan aplicar un ajuste.<\/p>\n<p>El Gobierno decidi\u00f3 volver a postergar la actualizaci\u00f3n del impuesto a los combustibles pautada para mayo, movimiento que suele tener traslado directo a los precios de la nafta y el gasoil en surtidores. Vale destacar que mantener sin actualizaci\u00f3n el componente impositivo de la nafta y el gasoil le cuesta al Tesoro m\u00e1s de USD 200 millones al mes.<\/p>\n<p>La intenci\u00f3n oficial, al igual que sucedi\u00f3 con las tarifas de servicios p\u00fablicos, es retomar la desaceleraci\u00f3n de la inflaci\u00f3n despu\u00e9s de dos meses en que el indicador estuvo en alza. YPF concentra cerca del 60% de las ventas de combustibles de la Argentina y sus competidoras suelen moverse en el mismo sentido para no perder mercado.<\/p>\n<p>La pol\u00edtica de contenci\u00f3n de tarifas tambi\u00e9n se extiende al transporte p\u00fablico de jurisdicci\u00f3n nacional, ya que se mantendr\u00e1n sin cambios los boletos de colectivos y trenes en el AMBA. En cambio, en el Ministerio de Econom\u00eda hay malestar por los aumentos mensuales que aplican la Ciudad y la Provincia de Buenos Aires en los servicios bajo su jurisdicci\u00f3n.<\/p>\n<p>Por otro lado, las primeras estimaciones privadas sobre la inflaci\u00f3n de abril muestran una desaceleraci\u00f3n respecto al 3,7% registrado en marzo, lo que sugiere que la flexibilizaci\u00f3n parcial del cepo cambiario no tuvo un impacto inflacionario significativo. Esta reacci\u00f3n contrasta con otros momentos de cambios de r\u00e9gimen cambiario, donde el &#8220;pass-through&#8221; fue m\u00e1s pronunciado.<\/p>\n<p>\u00c9poca<\/p>\n<\/div>\n<\/div>\n","protected":false},"excerpt":{"rendered":"<p>El incremento fue de entre 0,2% y 0,46%, y respondi\u00f3 al ajuste en el precio del biodiesel dispuesto por el Gobierno. La suba se aplic\u00f3 tras la reducci\u00f3n del 4% promedio que la petrolera estatal implement\u00f3 a comienzos de mayo Los carteles de YPF amanecieron este mi\u00e9rcoles con un ajuste promedio de entre 0,2% y [&hellip;]<\/p>\n","protected":false},"author":3,"featured_media":63232,"comment_status":"open","ping_status":"open","sticky":false,"template":"","format":"standard","meta":{"footnotes":""},"categories":[7],"tags":[],"class_list":["post-63231","post","type-post","status-publish","format-standard","has-post-thumbnail","hentry","category-nacionales"],"_links":{"self":[{"href":"http:\/\/informateesquina.com\/index.php?rest_route=\/wp\/v2\/posts\/63231","targetHints":{"allow":["GET"]}}],"collection":[{"href":"http:\/\/informateesquina.com\/index.php?rest_route=\/wp\/v2\/posts"}],"about":[{"href":"http:\/\/informateesquina.com\/index.php?rest_route=\/wp\/v2\/types\/post"}],"author":[{"embeddable":true,"href":"http:\/\/informateesquina.com\/index.php?rest_route=\/wp\/v2\/users\/3"}],"replies":[{"embeddable":true,"href":"http:\/\/informateesquina.com\/index.php?rest_route=%2Fwp%2Fv2%2Fcomments&post=63231"}],"version-history":[{"count":1,"href":"http:\/\/informateesquina.com\/index.php?rest_route=\/wp\/v2\/posts\/63231\/revisions"}],"predecessor-version":[{"id":63233,"href":"http:\/\/informateesquina.com\/index.php?rest_route=\/wp\/v2\/posts\/63231\/revisions\/63233"}],"wp:featuredmedia":[{"embeddable":true,"href":"http:\/\/informateesquina.com\/index.php?rest_route=\/wp\/v2\/media\/63232"}],"wp:attachment":[{"href":"http:\/\/informateesquina.com\/index.php?rest_route=%2Fwp%2Fv2%2Fmedia&parent=63231"}],"wp:term":[{"taxonomy":"category","embeddable":true,"href":"http:\/\/informateesquina.com\/index.php?rest_route=%2Fwp%2Fv2%2Fcategories&post=63231"},{"taxonomy":"post_tag","embeddable":true,"href":"http:\/\/informateesquina.com\/index.php?rest_route=%2Fwp%2Fv2%2Ftags&post=63231"}],"curies":[{"name":"wp","href":"https:\/\/api.w.org\/{rel}","templated":true}]}}