{"id":64234,"date":"2025-08-10T19:18:14","date_gmt":"2025-08-10T22:18:14","guid":{"rendered":"https:\/\/informateesquina.com\/?p=64234"},"modified":"2025-08-10T19:18:14","modified_gmt":"2025-08-10T22:18:14","slug":"recibimiento-a-estudiantes-de-la-escuela-tecnica-dr-juan-r-vidal-por-su-podio-en-el-tecnicar-2025","status":"publish","type":"post","link":"http:\/\/informateesquina.com\/?p=64234","title":{"rendered":"Recibimiento a estudiantes de la Escuela T\u00e9cnica \u201cDr. Juan R. Vidal\u201d por su podio en el Tecnicar 2025"},"content":{"rendered":"<header class=\"entry-header\">\n<div class=\"post-thumbnail\"><img loading=\"lazy\" decoding=\"async\" class=\"attachment-post-thumbnail size-post-thumbnail wp-post-image entered litespeed-loaded\" src=\"https:\/\/ultimahoraesquina.com.ar\/wp-content\/uploads\/2025\/08\/Imagen-de-WhatsApp-2025-08-09-a-las-15.16.02_47c770eb.webp\" sizes=\"auto, (max-width: 1600px) 100vw, 1600px\" srcset=\"https:\/\/ultimahoraesquina.com.ar\/wp-content\/uploads\/2025\/08\/Imagen-de-WhatsApp-2025-08-09-a-las-15.16.02_47c770eb.webp 1600w, https:\/\/ultimahoraesquina.com.ar\/wp-content\/uploads\/2025\/08\/Imagen-de-WhatsApp-2025-08-09-a-las-15.16.02_47c770eb-300x226.webp 300w, https:\/\/ultimahoraesquina.com.ar\/wp-content\/uploads\/2025\/08\/Imagen-de-WhatsApp-2025-08-09-a-las-15.16.02_47c770eb-1024x771.webp 1024w, https:\/\/ultimahoraesquina.com.ar\/wp-content\/uploads\/2025\/08\/Imagen-de-WhatsApp-2025-08-09-a-las-15.16.02_47c770eb-768x578.webp 768w, https:\/\/ultimahoraesquina.com.ar\/wp-content\/uploads\/2025\/08\/Imagen-de-WhatsApp-2025-08-09-a-las-15.16.02_47c770eb-1536x1156.webp 1536w\" alt=\"\" width=\"1600\" height=\"1204\" data-lazyloaded=\"1\" data-src=\"https:\/\/ultimahoraesquina.com.ar\/wp-content\/uploads\/2025\/08\/Imagen-de-WhatsApp-2025-08-09-a-las-15.16.02_47c770eb.webp\" data-srcset=\"https:\/\/ultimahoraesquina.com.ar\/wp-content\/uploads\/2025\/08\/Imagen-de-WhatsApp-2025-08-09-a-las-15.16.02_47c770eb.webp 1600w, https:\/\/ultimahoraesquina.com.ar\/wp-content\/uploads\/2025\/08\/Imagen-de-WhatsApp-2025-08-09-a-las-15.16.02_47c770eb-300x226.webp 300w, https:\/\/ultimahoraesquina.com.ar\/wp-content\/uploads\/2025\/08\/Imagen-de-WhatsApp-2025-08-09-a-las-15.16.02_47c770eb-1024x771.webp 1024w, https:\/\/ultimahoraesquina.com.ar\/wp-content\/uploads\/2025\/08\/Imagen-de-WhatsApp-2025-08-09-a-las-15.16.02_47c770eb-768x578.webp 768w, https:\/\/ultimahoraesquina.com.ar\/wp-content\/uploads\/2025\/08\/Imagen-de-WhatsApp-2025-08-09-a-las-15.16.02_47c770eb-1536x1156.webp 1536w\" data-sizes=\"(max-width: 1600px) 100vw, 1600px\" data-ll-status=\"loaded\" \/><\/div>\n<\/header>\n<div class=\"entry-content\">\n<h2 id=\"h-la-escuela-tecnica-dr-juan-r-vidal-de-esquina-fue-recibida-con-orgullo-tras-su-destacada-participacion-en-el-tecnicar-2025-che-taragui-logrando-el-segundo-puesto-en-la-categoria-masculina-y-el-tercer-puesto-en-la-femenina-entre-22-instituciones-tecnicas-de-toda-la-provincia\" class=\"wp-block-heading\">La Escuela T\u00e9cnica \u201cDr. Juan R. Vidal\u201d de Esquina fue recibida con orgullo tras su destacada participaci\u00f3n en el Tecnicar 2025 \u2013 Che Taragu\u00ed, logrando el segundo puesto en la categor\u00eda masculina y el tercer puesto en la femenina, entre 22 instituciones t\u00e9cnicas de toda la provincia.<\/h2>\n<p>El\u00a0<strong>Tecnicar 2025 \u2013 Che Taragu\u00ed<\/strong>\u00a0se llev\u00f3 a cabo los d\u00edas 7 y 8 de agosto en la Costanera Sur de la ciudad de Corrientes, con la participaci\u00f3n de 22 escuelas t\u00e9cnicas. Los equipos compitieron con autos el\u00e9ctricos en pruebas de destreza, demostrando gran preparaci\u00f3n y compromiso.<\/p>\n<h3 id=\"h-podio-en-dos-categorias\" class=\"wp-block-heading\">Podio en dos categor\u00edas<\/h3>\n<p>En la primera carrera, la categor\u00eda femenina de la\u00a0<a href=\"https:\/\/ultimahoraesquina.com.ar\/estudiantes-tecnica-juan-vidal-destacan-tecnicar-2025\/\"><strong>Escuela T\u00e9cnica \u201cDr. Juan R. Vidal\u201d<\/strong>\u00a0obtuvo un valioso tercer puesto, mientras que el equipo masculino alcanz\u00f3 el segundo lugar.<\/a><br \/>\nEl equipo estuvo conformado por Ignacio Cantero, Mario Quintana, Jonathan Blanco, Giuliana Betancor y Ana Gonz\u00e1lez, quienes trabajaron durante semanas en el dise\u00f1o, armado y puesta a punto del veh\u00edculo el\u00e9ctrico, bajo la supervisi\u00f3n de docentes y t\u00e9cnicos.<\/p>\n<figure class=\"wp-block-image size-large is-resized wp-lightbox-container\" data-wp-context=\"{&quot;imageId&quot;:&quot;6899106d787da&quot;}\" data-wp-interactive=\"core\/image\"><img loading=\"lazy\" decoding=\"async\" class=\"wp-image-23611 entered litespeed-loaded\" src=\"https:\/\/ultimahoraesquina.com.ar\/wp-content\/uploads\/2025\/08\/529342180_1179706990867125_6108945481366771489_n-1024x574.webp\" sizes=\"auto, (max-width: 1024px) 100vw, 1024px\" srcset=\"https:\/\/ultimahoraesquina.com.ar\/wp-content\/uploads\/2025\/08\/529342180_1179706990867125_6108945481366771489_n-1024x574.webp 1024w, https:\/\/ultimahoraesquina.com.ar\/wp-content\/uploads\/2025\/08\/529342180_1179706990867125_6108945481366771489_n-300x168.webp 300w, https:\/\/ultimahoraesquina.com.ar\/wp-content\/uploads\/2025\/08\/529342180_1179706990867125_6108945481366771489_n-768x431.webp 768w, https:\/\/ultimahoraesquina.com.ar\/wp-content\/uploads\/2025\/08\/529342180_1179706990867125_6108945481366771489_n-1536x861.webp 1536w, https:\/\/ultimahoraesquina.com.ar\/wp-content\/uploads\/2025\/08\/529342180_1179706990867125_6108945481366771489_n.webp 2048w\" alt=\"\" width=\"1024\" height=\"574\" data-lazyloaded=\"1\" data-wp-class--hide=\"state.isContentHidden\" data-wp-class--show=\"state.isContentVisible\" data-wp-init=\"callbacks.setButtonStyles\" data-wp-on-async--click=\"actions.showLightbox\" data-wp-on-async--load=\"callbacks.setButtonStyles\" data-wp-on-async-window--resize=\"callbacks.setButtonStyles\" data-src=\"https:\/\/ultimahoraesquina.com.ar\/wp-content\/uploads\/2025\/08\/529342180_1179706990867125_6108945481366771489_n-1024x574.webp\" data-srcset=\"https:\/\/ultimahoraesquina.com.ar\/wp-content\/uploads\/2025\/08\/529342180_1179706990867125_6108945481366771489_n-1024x574.webp 1024w, https:\/\/ultimahoraesquina.com.ar\/wp-content\/uploads\/2025\/08\/529342180_1179706990867125_6108945481366771489_n-300x168.webp 300w, https:\/\/ultimahoraesquina.com.ar\/wp-content\/uploads\/2025\/08\/529342180_1179706990867125_6108945481366771489_n-768x431.webp 768w, https:\/\/ultimahoraesquina.com.ar\/wp-content\/uploads\/2025\/08\/529342180_1179706990867125_6108945481366771489_n-1536x861.webp 1536w, https:\/\/ultimahoraesquina.com.ar\/wp-content\/uploads\/2025\/08\/529342180_1179706990867125_6108945481366771489_n.webp 2048w\" data-sizes=\"(max-width: 1024px) 100vw, 1024px\" data-ll-status=\"loaded\" \/><button class=\"lightbox-trigger\" type=\"button\" aria-haspopup=\"dialog\" aria-label=\"Agrandar\" data-wp-init=\"callbacks.initTriggerButton\" data-wp-on-async--click=\"actions.showLightbox\" data-wp-style--right=\"state.imageButtonRight\" data-wp-style--top=\"state.imageButtonTop\"><\/button><\/figure>\n<h3 id=\"h-una-competencia-llena-de-desafios\" class=\"wp-block-heading\">Una competencia llena de desaf\u00edos<\/h3>\n<p>Los estudiantes relataron que enfrentaron m\u00faltiples obst\u00e1culos durante la competencia, incluyendo problemas con la rueda trasera y el l\u00edmite de autonom\u00eda de la bater\u00eda. Sin embargo, gracias a la r\u00e1pida soluci\u00f3n de inconvenientes, lograron completar las 20 vueltas (10 por cada piloto) en ambas categor\u00edas y obtener resultados destacados.<\/p>\n<h3 id=\"h-palabras-del-docente-acompanante\" class=\"wp-block-heading\">Palabras del docente acompa\u00f1ante<\/h3>\n<p>El profesor Diego D\u00edaz destac\u00f3:<\/p>\n<p>\u201cTuvimos una de las mejores vueltas de clasificaci\u00f3n, lo que nos permiti\u00f3 largar en puestos de privilegio. A pesar de la rotura de una llanta, conseguimos reemplazarla en tiempo r\u00e9cord y salir a competir, logrando el segundo puesto en masculino y el tercero en femenino. Estuvimos muy cerca del primer lugar, y el pr\u00f3ximo a\u00f1o volveremos por m\u00e1s.\u201d<\/p>\n<figure class=\"wp-block-embed is-type-video is-provider-youtube wp-block-embed-youtube wp-embed-aspect-16-9 wp-has-aspect-ratio\">\n<div class=\"wp-block-embed__wrapper\">\n<div class=\"fluid-width-video-wrapper\"><iframe id=\"fitvid37469\" title=\"Recibimiento a estudiantes de la Escuela T\u00e9cnica \u201cJuan R. Vidal\u201d por su podio en el Tecnicar 2025\" src=\"https:\/\/www.youtube.com\/embed\/VsRZQHqjPIg?feature=oembed\" frameborder=\"0\" allowfullscreen=\"allowfullscreen\" data-mce-fragment=\"1\"><\/iframe><\/div>\n<\/div><figcaption class=\"wp-element-caption\">Entrevista realizada por<strong>\u00a0Juan Escobar<\/strong><\/figcaption><\/figure>\n<p>\u00daltima hora Esquina<\/p>\n<\/div>\n","protected":false},"excerpt":{"rendered":"<p>La Escuela T\u00e9cnica \u201cDr. Juan R. Vidal\u201d de Esquina fue recibida con orgullo tras su destacada participaci\u00f3n en el Tecnicar 2025 \u2013 Che Taragu\u00ed, logrando el segundo puesto en la categor\u00eda masculina y el tercer puesto en la femenina, entre 22 instituciones t\u00e9cnicas de toda la provincia. El\u00a0Tecnicar 2025 \u2013 Che Taragu\u00ed\u00a0se llev\u00f3 a cabo [&hellip;]<\/p>\n","protected":false},"author":3,"featured_media":64235,"comment_status":"open","ping_status":"open","sticky":false,"template":"","format":"standard","meta":{"footnotes":""},"categories":[6],"tags":[],"class_list":["post-64234","post","type-post","status-publish","format-standard","has-post-thumbnail","hentry","category-locales"],"_links":{"self":[{"href":"http:\/\/informateesquina.com\/index.php?rest_route=\/wp\/v2\/posts\/64234","targetHints":{"allow":["GET"]}}],"collection":[{"href":"http:\/\/informateesquina.com\/index.php?rest_route=\/wp\/v2\/posts"}],"about":[{"href":"http:\/\/informateesquina.com\/index.php?rest_route=\/wp\/v2\/types\/post"}],"author":[{"embeddable":true,"href":"http:\/\/informateesquina.com\/index.php?rest_route=\/wp\/v2\/users\/3"}],"replies":[{"embeddable":true,"href":"http:\/\/informateesquina.com\/index.php?rest_route=%2Fwp%2Fv2%2Fcomments&post=64234"}],"version-history":[{"count":1,"href":"http:\/\/informateesquina.com\/index.php?rest_route=\/wp\/v2\/posts\/64234\/revisions"}],"predecessor-version":[{"id":64236,"href":"http:\/\/informateesquina.com\/index.php?rest_route=\/wp\/v2\/posts\/64234\/revisions\/64236"}],"wp:featuredmedia":[{"embeddable":true,"href":"http:\/\/informateesquina.com\/index.php?rest_route=\/wp\/v2\/media\/64235"}],"wp:attachment":[{"href":"http:\/\/informateesquina.com\/index.php?rest_route=%2Fwp%2Fv2%2Fmedia&parent=64234"}],"wp:term":[{"taxonomy":"category","embeddable":true,"href":"http:\/\/informateesquina.com\/index.php?rest_route=%2Fwp%2Fv2%2Fcategories&post=64234"},{"taxonomy":"post_tag","embeddable":true,"href":"http:\/\/informateesquina.com\/index.php?rest_route=%2Fwp%2Fv2%2Ftags&post=64234"}],"curies":[{"name":"wp","href":"https:\/\/api.w.org\/{rel}","templated":true}]}}