{"id":64237,"date":"2025-08-11T10:18:04","date_gmt":"2025-08-11T13:18:04","guid":{"rendered":"https:\/\/informateesquina.com\/?p=64237"},"modified":"2025-08-11T10:18:04","modified_gmt":"2025-08-11T13:18:04","slug":"valdes-visitara-ituzaingo-con-una-agenda-de-obras-viviendas-y-cultura","status":"publish","type":"post","link":"http:\/\/informateesquina.com\/?p=64237","title":{"rendered":"Vald\u00e9s visitar\u00e1 Ituzaing\u00f3 con una agenda de obras, viviendas y cultura"},"content":{"rendered":"<div>\n<p>El mandatario correntino recorrer\u00e1 el interior provincial. Vald\u00e9s viene de inaugurar una nueva comisar\u00eda en Capital y entregar netbooks en una escuela c\u00e9ntrica de Corrientes.<\/p>\n<figure class=\"big-column\"><picture><img loading=\"lazy\" decoding=\"async\" class=\"pic\" src=\"https:\/\/www.diarioepoca.com\/content\/bucket\/1\/1443011w850h567c.jpg.webp\" alt=\"\" width=\"850\" height=\"567\" \/><\/picture><\/figure>\n<div class=\"main-text\">\n<div class=\"social\">\n<div class=\"share\"><\/div>\n<\/div>\n<p>El gobernador Gustavo Vald\u00e9s, llegar\u00e1 este lunes 11 a Ituzaing\u00f3 para desarrollar actividades que abarcar\u00e1n mejoras en infraestructura, salud y propuestas art\u00edsticas. La recorrida se extender\u00e1 durante toda la tarde en distintos puntos de la ciudad fundada por Bernardino Valle.<\/p>\n<p>A las 16 est\u00e1 prevista la entrega de viviendas del Instituto de Vivienda de Corrientes (INVICO) en el barrio Don Tom\u00e1s, destinadas a familias locales. Una hora m\u00e1s tarde, en Apip\u00e9 y Posadas, quedar\u00e1 habilitada la nueva Unidad de Terapia Intensiva del Hospital &#8220;Doctor Ricardo Billinghurst&#8221;, equipada para ampliar la capacidad de atenci\u00f3n.<\/p>\n<p>Desde las 18.30 se presentar\u00e1n 27 cuadras de pavimento y la iluminaci\u00f3n de la calle Posadas, en su cruce con Bolivia. Luego, a las 19.20, se sumar\u00e1n 28 cuadras de iluminaci\u00f3n al Paseo Lineal, en la intersecci\u00f3n de Apip\u00e9 y 9 de Julio, para favorecer su uso nocturno.<\/p>\n<p>La actividad finalizar\u00e1 a las 19.40 en el Centro Cultural de Ituzaing\u00f3, en Corrientes 1715. Habr\u00e1 puesta en valor de su auditorio y velada musical &#8220;Hermanos del Vera&#8221;, abierta a todo p\u00fablico.<\/p>\n<p>\u00c9poca<\/p>\n<\/div>\n<\/div>\n","protected":false},"excerpt":{"rendered":"<p>El mandatario correntino recorrer\u00e1 el interior provincial. Vald\u00e9s viene de inaugurar una nueva comisar\u00eda en Capital y entregar netbooks en una escuela c\u00e9ntrica de Corrientes. El gobernador Gustavo Vald\u00e9s, llegar\u00e1 este lunes 11 a Ituzaing\u00f3 para desarrollar actividades que abarcar\u00e1n mejoras en infraestructura, salud y propuestas art\u00edsticas. La recorrida se extender\u00e1 durante toda la tarde [&hellip;]<\/p>\n","protected":false},"author":3,"featured_media":64238,"comment_status":"open","ping_status":"open","sticky":false,"template":"","format":"standard","meta":{"footnotes":""},"categories":[9],"tags":[],"class_list":["post-64237","post","type-post","status-publish","format-standard","has-post-thumbnail","hentry","category-politica"],"_links":{"self":[{"href":"http:\/\/informateesquina.com\/index.php?rest_route=\/wp\/v2\/posts\/64237","targetHints":{"allow":["GET"]}}],"collection":[{"href":"http:\/\/informateesquina.com\/index.php?rest_route=\/wp\/v2\/posts"}],"about":[{"href":"http:\/\/informateesquina.com\/index.php?rest_route=\/wp\/v2\/types\/post"}],"author":[{"embeddable":true,"href":"http:\/\/informateesquina.com\/index.php?rest_route=\/wp\/v2\/users\/3"}],"replies":[{"embeddable":true,"href":"http:\/\/informateesquina.com\/index.php?rest_route=%2Fwp%2Fv2%2Fcomments&post=64237"}],"version-history":[{"count":1,"href":"http:\/\/informateesquina.com\/index.php?rest_route=\/wp\/v2\/posts\/64237\/revisions"}],"predecessor-version":[{"id":64239,"href":"http:\/\/informateesquina.com\/index.php?rest_route=\/wp\/v2\/posts\/64237\/revisions\/64239"}],"wp:featuredmedia":[{"embeddable":true,"href":"http:\/\/informateesquina.com\/index.php?rest_route=\/wp\/v2\/media\/64238"}],"wp:attachment":[{"href":"http:\/\/informateesquina.com\/index.php?rest_route=%2Fwp%2Fv2%2Fmedia&parent=64237"}],"wp:term":[{"taxonomy":"category","embeddable":true,"href":"http:\/\/informateesquina.com\/index.php?rest_route=%2Fwp%2Fv2%2Fcategories&post=64237"},{"taxonomy":"post_tag","embeddable":true,"href":"http:\/\/informateesquina.com\/index.php?rest_route=%2Fwp%2Fv2%2Ftags&post=64237"}],"curies":[{"name":"wp","href":"https:\/\/api.w.org\/{rel}","templated":true}]}}