{"id":64240,"date":"2025-08-11T10:20:50","date_gmt":"2025-08-11T13:20:50","guid":{"rendered":"https:\/\/informateesquina.com\/?p=64240"},"modified":"2025-08-11T10:20:50","modified_gmt":"2025-08-11T13:20:50","slug":"dos-motociclistas-en-grave-estado-tras-chocar-sobre-ruta-12","status":"publish","type":"post","link":"http:\/\/informateesquina.com\/?p=64240","title":{"rendered":"Dos motociclistas en grave estado tras chocar sobre Ruta 12"},"content":{"rendered":"<div>\n<p class=\"copete\">El siniestro ocurri\u00f3 en la ma\u00f1ana de este lunes sobre Ruta Nacional N\u00b012 a la altura de la Eragia. Producto del fuerte impacto los conductores de las motocicletas fueron trasladados en grave estado al Hospital Escuela.<\/p>\n<div class=\"fotos-y-videos\">\n<div class=\"tab-content\">\n<div id=\"fotos\" class=\"tab-pane fade in active\" role=\"tabpanel\"><a class=\"fotos-desarrollo unlink\" title=\"Dos motociclistas en grave estado tras chocar sobre Ruta 12\" href=\"https:\/\/www.radiosudamericana.com\/notix\/multimedia\/imagenes\/fotos\/2025-08-11\/996076.jpg\"><img loading=\"lazy\" decoding=\"async\" class=\"img-responsive lazyload center-block\" src=\"https:\/\/www.radiosudamericana.com\/notix\/multimedia\/imagenes\/fotos\/2025-08-11\/996076.jpg_nota.jpg\" alt=\"Dos motociclistas en grave estado tras chocar sobre Ruta 12\" width=\"700\" height=\"700\" \/><\/a><\/div>\n<\/div>\n<\/div>\n<p>&nbsp;<\/p>\n<div class=\"audios-desarrollo\">\n<div id=\"audio-1\"><audio src=\"https:\/\/www.radiosudamericana.com\/notix\/multimedia\/audios\/2025-08-11\/714099.mp3\" controls=\"controls\" data-mce-fragment=\"1\"><\/audio><\/div>\n<\/div>\n<div class=\"cuerpo\">\n<p>El cronista de Radio Sudamericana inform\u00f3 que en las primeras horas de este lunes se produjo un siniestro vial sobre Ruta Nacional N\u00b012 a la altura de la Eragia.<\/p>\n<p>&nbsp;<\/p>\n<div id=\"embeds\" class=\"inser center-block\"><iframe loading=\"lazy\" title=\"\ud83d\udd34 #Ruta N\u00c2\u00b012 \" src=\"https:\/\/www.youtube.com\/embed\/uIFbi34CDv4\" width=\"640\" height=\"400\" frameborder=\"0\" allowfullscreen=\"allowfullscreen\" data-mce-fragment=\"1\"><\/iframe><\/div>\n<div>\n<p>El accidente lo protagonizaron dos motocicletas, una de ellas era conducida por una persona perteneciente a Gendarmer\u00eda. En tanto que el segundo conductor habr\u00eda sufrido p\u00e9rdida de masa en encef\u00e1lica.<\/p>\n<p><a class=\"fotos-desarrollo unlink\" title=\"Dos motociclistas en grave estado tras chocar sobre Ruta 12\" href=\"https:\/\/www.radiosudamericana.com\/notix\/multimedia\/imagenes\/fotos\/2025-08-11\/234283.jpg\"><img decoding=\"async\" class=\"img-responsive\" src=\"https:\/\/www.radiosudamericana.com\/notix\/multimedia\/imagenes\/fotos\/2025-08-11\/234283.jpg_nota.jpg\" \/><\/a><\/p>\n<p>Si bien se desconoce hasta el momento las causas de la colisi\u00f3n, de acuerdo a los datos a los que pudo acceder este medio, ambos conductores fueron trasladados al Hospital Escuela en grave estado.<\/p>\n<p><a class=\"fotos-desarrollo unlink\" title=\"Dos motociclistas en grave estado tras chocar sobre Ruta 12\" href=\"https:\/\/www.radiosudamericana.com\/notix\/multimedia\/imagenes\/fotos\/2025-08-11\/685704.jpg\"><img decoding=\"async\" class=\"img-responsive\" src=\"https:\/\/www.radiosudamericana.com\/notix\/multimedia\/imagenes\/fotos\/2025-08-11\/685704.jpg_nota.jpg\" \/><\/a><\/p>\n<\/div>\n<p>Radio Sudamericana<\/p>\n<\/div>\n<\/div>\n","protected":false},"excerpt":{"rendered":"<p>El siniestro ocurri\u00f3 en la ma\u00f1ana de este lunes sobre Ruta Nacional N\u00b012 a la altura de la Eragia. Producto del fuerte impacto los conductores de las motocicletas fueron trasladados en grave estado al Hospital Escuela. &nbsp; El cronista de Radio Sudamericana inform\u00f3 que en las primeras horas de este lunes se produjo un siniestro [&hellip;]<\/p>\n","protected":false},"author":3,"featured_media":64241,"comment_status":"open","ping_status":"open","sticky":false,"template":"","format":"standard","meta":{"footnotes":""},"categories":[8],"tags":[],"class_list":["post-64240","post","type-post","status-publish","format-standard","has-post-thumbnail","hentry","category-policiales"],"_links":{"self":[{"href":"http:\/\/informateesquina.com\/index.php?rest_route=\/wp\/v2\/posts\/64240","targetHints":{"allow":["GET"]}}],"collection":[{"href":"http:\/\/informateesquina.com\/index.php?rest_route=\/wp\/v2\/posts"}],"about":[{"href":"http:\/\/informateesquina.com\/index.php?rest_route=\/wp\/v2\/types\/post"}],"author":[{"embeddable":true,"href":"http:\/\/informateesquina.com\/index.php?rest_route=\/wp\/v2\/users\/3"}],"replies":[{"embeddable":true,"href":"http:\/\/informateesquina.com\/index.php?rest_route=%2Fwp%2Fv2%2Fcomments&post=64240"}],"version-history":[{"count":1,"href":"http:\/\/informateesquina.com\/index.php?rest_route=\/wp\/v2\/posts\/64240\/revisions"}],"predecessor-version":[{"id":64242,"href":"http:\/\/informateesquina.com\/index.php?rest_route=\/wp\/v2\/posts\/64240\/revisions\/64242"}],"wp:featuredmedia":[{"embeddable":true,"href":"http:\/\/informateesquina.com\/index.php?rest_route=\/wp\/v2\/media\/64241"}],"wp:attachment":[{"href":"http:\/\/informateesquina.com\/index.php?rest_route=%2Fwp%2Fv2%2Fmedia&parent=64240"}],"wp:term":[{"taxonomy":"category","embeddable":true,"href":"http:\/\/informateesquina.com\/index.php?rest_route=%2Fwp%2Fv2%2Fcategories&post=64240"},{"taxonomy":"post_tag","embeddable":true,"href":"http:\/\/informateesquina.com\/index.php?rest_route=%2Fwp%2Fv2%2Ftags&post=64240"}],"curies":[{"name":"wp","href":"https:\/\/api.w.org\/{rel}","templated":true}]}}