{"id":64243,"date":"2025-08-11T11:51:08","date_gmt":"2025-08-11T14:51:08","guid":{"rendered":"https:\/\/informateesquina.com\/?p=64243"},"modified":"2025-08-11T11:51:08","modified_gmt":"2025-08-11T14:51:08","slug":"la-fiscalia-pedira-enviar-a-juicio-oral-a-alberto-fernandez","status":"publish","type":"post","link":"http:\/\/informateesquina.com\/?p=64243","title":{"rendered":"La Fiscal\u00eda pedir\u00e1 enviar a juicio oral a Alberto Fern\u00e1ndez"},"content":{"rendered":"<div class=\"fotos-y-videos\">\n<div class=\"tab-content\">\n<div id=\"fotos\" class=\"tab-pane fade in active\" role=\"tabpanel\"><a class=\"fotos-desarrollo unlink\" title=\"La Fiscal\u00eda pedir\u00e1 enviar a juicio oral a Alberto Fern\u00e1ndez\" href=\"https:\/\/www.radiosudamericana.com\/notix\/multimedia\/imagenes\/fotos\/2025-08-10\/484314.jpg\"><img loading=\"lazy\" decoding=\"async\" class=\"img-responsive lazyload center-block\" src=\"https:\/\/www.radiosudamericana.com\/notix\/multimedia\/imagenes\/fotos\/2025-08-10\/484314.jpg_nota.jpg\" alt=\"La Fiscal\u00eda pedir\u00e1 enviar a juicio oral a Alberto Fern\u00e1ndez\" width=\"700\" height=\"466\" \/><\/a><\/div>\n<\/div>\n<\/div>\n<p>&nbsp;<\/p>\n<div class=\"cuerpo\">\n<p>El fiscal federal Ramiro Gonz\u00e1lez presentar\u00e1 esta semana ante el juez Juli\u00e1n Ercolini su dictamen para que el expresidente Alberto Fern\u00e1ndez enfrente un juicio oral y p\u00fablico por la causa en la que est\u00e1 procesado por violencia de g\u00e9nero contra su ex mujer y ex primera dama, Fabiola Ya\u00f1ez.<\/p>\n<p>&nbsp;<\/p>\n<div id=\"leermas\"><\/div>\n<p>Seg\u00fan fuentes judiciales, Gonz\u00e1lez entiende que la investigaci\u00f3n ya est\u00e1 concluida y no requiere nuevas medidas de prueba. La querella que representa a Ya\u00f1ez, a cargo del abogado Mauricio D\u2019Alessandro, ya hab\u00eda solicitado el env\u00edo a juicio tres semanas atr\u00e1s. Ahora restar\u00e1 la opini\u00f3n de la defensa del exmandatario, encabezada por la abogada Silvina Carreira, antes de que el juez resuelva.<\/p>\n<p>Fern\u00e1ndez est\u00e1 procesado por lesiones leves y graves agravadas por el contexto de violencia de g\u00e9nero y por amenazas coactivas, delitos que podr\u00edan derivar en una condena de hasta 18 a\u00f1os de prisi\u00f3n. La causa se inici\u00f3 en agosto del a\u00f1o pasado, luego de que en otra investigaci\u00f3n \u2014vinculada a presunta corrupci\u00f3n por la contrataci\u00f3n de seguros\u2014 se encontraran en el celular de su ex secretaria privada, Mar\u00eda Cantero, mensajes y fotograf\u00edas enviadas por Ya\u00f1ez que mostraban moretones y relataban agresiones.<\/p>\n<p>Inicialmente, Ya\u00f1ez decidi\u00f3 no denunciar, pero tras la difusi\u00f3n p\u00fablica del caso present\u00f3 la denuncia que deriv\u00f3 en la investigaci\u00f3n. En el expediente declararon familiares, m\u00e9dicos y personal de la Quinta de Olivos, quienes describieron episodios de violencia ocurridos en la residencia oficial.<\/p>\n<p><a class=\"fotos-desarrollo unlink\" title=\"La Fiscal\u00eda pedir\u00e1 enviar a juicio oral a Alberto Fern\u00e1ndez\" href=\"https:\/\/www.radiosudamericana.com\/notix\/multimedia\/imagenes\/fotos\/2025-08-10\/431751.jpg\"><img decoding=\"async\" class=\"img-responsive\" src=\"https:\/\/www.radiosudamericana.com\/notix\/multimedia\/imagenes\/fotos\/2025-08-10\/431751.jpg_nota.jpg\" \/><\/a><\/p>\n<p>El juez Ercolini dio por probado que Fern\u00e1ndez golpe\u00f3 al menos en dos oportunidades a Ya\u00f1ez, provoc\u00e1ndole lesiones visibles, y que la coaccion\u00f3 para que no realizara una denuncia penal. Esta resoluci\u00f3n fue confirmada en abril por la C\u00e1mara Federal, cuyos jueces Mart\u00edn Irurzun y Eduardo Farah afirmaron:\u00a0<em><strong>\u201cTodo demuestra que la damnificada estaba en una situaci\u00f3n de desigualdad de poder, al interior y exterior de la pareja, con relaci\u00f3n a su victimario\u201d<\/strong><\/em>.<\/p>\n<p>Tras la confirmaci\u00f3n del procesamiento, la justicia perit\u00f3 el celular y una tablet secuestrados a Fern\u00e1ndez para revisar sus comunicaciones con Ya\u00f1ez y con la madre de ella, aunque los an\u00e1lisis no aportaron nuevos elementos a la causa. Con todos los pasos procesales cumplidos, el expediente est\u00e1 listo para sorteo y asignaci\u00f3n a un Tribunal Oral Federal de Comodoro Py.<\/p>\n<p>Radio Sudamericana<\/p>\n<\/div>\n","protected":false},"excerpt":{"rendered":"<p>&nbsp; El fiscal federal Ramiro Gonz\u00e1lez presentar\u00e1 esta semana ante el juez Juli\u00e1n Ercolini su dictamen para que el expresidente Alberto Fern\u00e1ndez enfrente un juicio oral y p\u00fablico por la causa en la que est\u00e1 procesado por violencia de g\u00e9nero contra su ex mujer y ex primera dama, Fabiola Ya\u00f1ez. &nbsp; Seg\u00fan fuentes judiciales, Gonz\u00e1lez [&hellip;]<\/p>\n","protected":false},"author":3,"featured_media":64244,"comment_status":"open","ping_status":"open","sticky":false,"template":"","format":"standard","meta":{"footnotes":""},"categories":[8],"tags":[],"class_list":["post-64243","post","type-post","status-publish","format-standard","has-post-thumbnail","hentry","category-policiales"],"_links":{"self":[{"href":"http:\/\/informateesquina.com\/index.php?rest_route=\/wp\/v2\/posts\/64243","targetHints":{"allow":["GET"]}}],"collection":[{"href":"http:\/\/informateesquina.com\/index.php?rest_route=\/wp\/v2\/posts"}],"about":[{"href":"http:\/\/informateesquina.com\/index.php?rest_route=\/wp\/v2\/types\/post"}],"author":[{"embeddable":true,"href":"http:\/\/informateesquina.com\/index.php?rest_route=\/wp\/v2\/users\/3"}],"replies":[{"embeddable":true,"href":"http:\/\/informateesquina.com\/index.php?rest_route=%2Fwp%2Fv2%2Fcomments&post=64243"}],"version-history":[{"count":1,"href":"http:\/\/informateesquina.com\/index.php?rest_route=\/wp\/v2\/posts\/64243\/revisions"}],"predecessor-version":[{"id":64245,"href":"http:\/\/informateesquina.com\/index.php?rest_route=\/wp\/v2\/posts\/64243\/revisions\/64245"}],"wp:featuredmedia":[{"embeddable":true,"href":"http:\/\/informateesquina.com\/index.php?rest_route=\/wp\/v2\/media\/64244"}],"wp:attachment":[{"href":"http:\/\/informateesquina.com\/index.php?rest_route=%2Fwp%2Fv2%2Fmedia&parent=64243"}],"wp:term":[{"taxonomy":"category","embeddable":true,"href":"http:\/\/informateesquina.com\/index.php?rest_route=%2Fwp%2Fv2%2Fcategories&post=64243"},{"taxonomy":"post_tag","embeddable":true,"href":"http:\/\/informateesquina.com\/index.php?rest_route=%2Fwp%2Fv2%2Ftags&post=64243"}],"curies":[{"name":"wp","href":"https:\/\/api.w.org\/{rel}","templated":true}]}}