{"id":64246,"date":"2025-08-11T19:55:22","date_gmt":"2025-08-11T22:55:22","guid":{"rendered":"https:\/\/informateesquina.com\/?p=64246"},"modified":"2025-08-11T19:55:22","modified_gmt":"2025-08-11T22:55:22","slug":"el-gobierno-entrego-netbooks-a-estudiantes-en-la-escuela-normal","status":"publish","type":"post","link":"http:\/\/informateesquina.com\/?p=64246","title":{"rendered":"El Gobierno entreg\u00f3 netbooks a estudiantes en la Escuela Normal"},"content":{"rendered":"<div>\n<p class=\"copete\">En el marco del programa Incluir Futuro, el gobierno entreg\u00f3 930 netbooks a los alumnos de primero y segundo a\u00f1os de la Escuela Normal \u201cJuan Pujol\u201d, y del Colegio Secundario Pte. Hip\u00f3lito Yrigoyen. \u201cCon la entrega de estas computadoras queremos que los estudiantes tengan acceso a las mismas oportunidades, sin importar d\u00f3nde vivan, ni cu\u00e1les sean sus recursos\u201d, expres\u00f3 el gobernador Gustavo Vald\u00e9s.<\/p>\n<div class=\"fotos-y-videos\">\n<div class=\"tab-content\">\n<div id=\"fotos\" class=\"tab-pane fade in active\" role=\"tabpanel\"><a class=\"fotos-desarrollo unlink\" title=\"El Gobierno entreg\u00f3 netbooks a estudiantes en la Escuela Normal\" href=\"https:\/\/www.radiosudamericana.com\/notix\/multimedia\/imagenes\/fotos\/2025-08-11\/681090.jpg\"><img loading=\"lazy\" decoding=\"async\" class=\"img-responsive lazyload center-block\" src=\"https:\/\/www.radiosudamericana.com\/notix\/multimedia\/imagenes\/fotos\/2025-08-11\/681090.jpg_nota.jpg\" alt=\"El Gobierno entreg\u00f3 netbooks a estudiantes en la Escuela Normal\" width=\"700\" height=\"738\" \/><\/a><\/div>\n<\/div>\n<\/div>\n<p>&nbsp;<\/p>\n<div class=\"audios-desarrollo\">\n<div id=\"audio-1\"><audio src=\"https:\/\/www.radiosudamericana.com\/notix\/multimedia\/audios\/2025-08-11\/467980.mp3\" controls=\"controls\" data-mce-fragment=\"1\"><\/audio><\/div>\n<\/div>\n<div class=\"cuerpo\">\n<p>En la oportunidad, se entregaron 447 netbooks a la instituci\u00f3n anfitriona y 483 al colegio secundario Hip\u00f3lito Yrigoyen, para un total de 930 dispositivos; en primero y segundo a\u00f1o en ambos casos.<\/p>\n<p>\u201cLa educaci\u00f3n es la herramienta m\u00e1s poderosa para construir un futuro mejor\u201d, comenz\u00f3 diciendo el gobernador Vald\u00e9s, agregando que con la entrega de estas computadoras se busca que los alumnos tengan igualdad de oportunidades \u201csin importar d\u00f3nde vivan ni cu\u00e1les sean sus recursos\u201d.<\/p>\n<p><a class=\"fotos-desarrollo unlink\" title=\"El Gobierno entreg\u00f3 netbooks a estudiantes en la Escuela Normal\" href=\"https:\/\/www.radiosudamericana.com\/notix\/multimedia\/imagenes\/fotos\/2025-08-11\/176165.jpeg\"><img decoding=\"async\" class=\"img-responsive\" src=\"https:\/\/www.radiosudamericana.com\/notix\/multimedia\/imagenes\/fotos\/2025-08-11\/176165.jpeg_nota.jpeg\" \/><\/a><\/p>\n<p>Asever\u00f3 que en un mundo donde la tecnolog\u00eda ya no es un lujo, sino \u201cuna puerta que abre el camino hacia el conocimiento\u201d, conf\u00eda en que esta generaci\u00f3n de estudiantes correntinos \u201cllegar\u00e1 alto con trabajo y orgullo por nuestras ra\u00edces\u201d. \u201cSigamos apostando a la educaci\u00f3n p\u00fablica, de calidad y moderna, porque el futuro de Corrientes est\u00e1 en sus manos y empieza hoy\u201d.<\/p>\n<p>Luego, habl\u00f3 sobre la inteligencia artificial, un recurso que ya lleg\u00f3 a las aulas: \u201cNo usar la IA es vivir en el pasado\u201d. Por ello, alent\u00f3 a alumnos y docentes a la utilizaci\u00f3n responsable de esta herramienta. \u201cLa gran pelea que tenemos que dar como sociedad es incluirnos a la tecnolog\u00eda, tan importante como nuestros recursos materiales\u201d, declar\u00f3.<\/p>\n<p><a class=\"fotos-desarrollo unlink\" title=\"El Gobierno entreg\u00f3 netbooks a estudiantes en la Escuela Normal\" href=\"https:\/\/www.radiosudamericana.com\/notix\/multimedia\/imagenes\/fotos\/2025-08-11\/571393.jpeg\"><img decoding=\"async\" class=\"img-responsive\" src=\"https:\/\/www.radiosudamericana.com\/notix\/multimedia\/imagenes\/fotos\/2025-08-11\/571393.jpeg_nota.jpeg\" \/><\/a><\/p>\n<p>En ese sentido, hizo hincapi\u00e9 en las posibilidades laborales que la computaci\u00f3n, como por ejemplo la programaci\u00f3n. \u201cAquellos que sepan tendr\u00e1n una calidad de vida superior, por eso como Estado es fundamental que pongamos a disposici\u00f3n las herramientas y oportunidades\u201d, cerr\u00f3.<\/p>\n<p><a class=\"fotos-desarrollo unlink\" title=\"El Gobierno entreg\u00f3 netbooks a estudiantes en la Escuela Normal\" href=\"https:\/\/www.radiosudamericana.com\/notix\/multimedia\/imagenes\/fotos\/2025-08-11\/700705.jpeg\"><img decoding=\"async\" class=\"img-responsive\" src=\"https:\/\/www.radiosudamericana.com\/notix\/multimedia\/imagenes\/fotos\/2025-08-11\/700705.jpeg_nota.jpeg\" \/><\/a><\/p>\n<p>Pol\u00edticas de educaci\u00f3n inclusivas<\/p>\n<p>Al tomar la palabra, la ministra de Educaci\u00f3n dio cuenta que Incluir futuro \u201ces una de las pol\u00edticas m\u00e1s inclusivas del Gobierno provincial, donde no solo venimos a entregar una computadora, sino que venimos a abrir la puerta al conocimiento, y ese conocimiento no se puede dar sin un docente\u201d, reconociendo la labor de los maestros.<\/p>\n<p>\u201cEl gobernador tiene una mirada atenta a la educaci\u00f3n p\u00fablica para que se lleven adelante estas pol\u00edticas provinciales\u201d, continu\u00f3, dirigi\u00e9ndose al mandatario presente.<\/p>\n<p><a class=\"fotos-desarrollo unlink\" title=\"El Gobierno entreg\u00f3 netbooks a estudiantes en la Escuela Normal\" href=\"https:\/\/www.radiosudamericana.com\/notix\/multimedia\/imagenes\/fotos\/2025-08-11\/190789.jpeg\"><img decoding=\"async\" class=\"img-responsive\" src=\"https:\/\/www.radiosudamericana.com\/notix\/multimedia\/imagenes\/fotos\/2025-08-11\/190789.jpeg_nota.jpeg\" \/><\/a><\/p>\n<p>Asimismo, L\u00f3pez les expres\u00f3 a los alumnos que \u201cles queda un gran camino por recorrer, a trav\u00e9s del acceso a un contenido con el que la provincia cuenta, como lo es EducaPlay, realizada por nuestros docentes correntinos\u201d.<\/p>\n<p>La funcionaria consider\u00f3 que \u201cnos atraviesa la Inteligencia artificial, por lo que inst\u00f3 a los docentes a apoderarnos de ese conocimiento\u201d, a la vez que invit\u00f3 a los presentes \u201ca seguir construyendo Corrientes, con una educaci\u00f3n mucho m\u00e1s inclusiva, a trav\u00e9s de la tecnolog\u00eda\u201d.<\/p>\n<p><a class=\"fotos-desarrollo unlink\" title=\"El Gobierno entreg\u00f3 netbooks a estudiantes en la Escuela Normal\" href=\"https:\/\/www.radiosudamericana.com\/notix\/multimedia\/imagenes\/fotos\/2025-08-11\/114758.jpeg\"><img decoding=\"async\" class=\"img-responsive\" src=\"https:\/\/www.radiosudamericana.com\/notix\/multimedia\/imagenes\/fotos\/2025-08-11\/114758.jpeg_nota.jpeg\" \/><\/a><\/p>\n<p>Por su parte, el intendente de Capital, Eduardo Tassano concord\u00f3 con la ministra y declar\u00f3 que \u201ccomo representante de los vecinos, es uno de nuestros objetivos cambiar la educaci\u00f3n acompa\u00f1ados de la tecnolog\u00eda\u201d.<\/p>\n<p><a class=\"fotos-desarrollo unlink\" title=\"El Gobierno entreg\u00f3 netbooks a estudiantes en la Escuela Normal\" href=\"https:\/\/www.radiosudamericana.com\/notix\/multimedia\/imagenes\/fotos\/2025-08-11\/295556.jpeg\"><img decoding=\"async\" class=\"img-responsive\" src=\"https:\/\/www.radiosudamericana.com\/notix\/multimedia\/imagenes\/fotos\/2025-08-11\/295556.jpeg_nota.jpeg\" \/><\/a><\/p>\n<p>Presencias<\/p>\n<p>Acompa\u00f1aron a los mencionados funcionarios la senadora nacional, Gabriela Valenzuela; la diputada nacional, Sof\u00eda Brambilla; el viceintendente de Capital, Emilio Lanari; el director de Educaci\u00f3n Secundaria, Sergio Guti\u00e9rrez; la rectora de la Escuela Normal &#8220;Juan Pujol&#8221;, Carmen Patricia Silva Gen\u00e9z; funcionarios y legisladores provinciales y municipales; tutores de los alumnos que recibieron las notebooks.<\/p>\n<p><a class=\"fotos-desarrollo unlink\" title=\"El Gobierno entreg\u00f3 netbooks a estudiantes en la Escuela Normal\" href=\"https:\/\/www.radiosudamericana.com\/notix\/multimedia\/imagenes\/fotos\/2025-08-11\/936964.jpeg\"><img decoding=\"async\" class=\"img-responsive\" src=\"https:\/\/www.radiosudamericana.com\/notix\/multimedia\/imagenes\/fotos\/2025-08-11\/936964.jpeg_nota.jpeg\" \/><\/a><a class=\"fotos-desarrollo unlink\" title=\"El Gobierno entreg\u00f3 netbooks a estudiantes en la Escuela Normal\" href=\"https:\/\/www.radiosudamericana.com\/notix\/multimedia\/imagenes\/fotos\/2025-08-11\/169256.jpeg\"><img decoding=\"async\" class=\"img-responsive\" src=\"https:\/\/www.radiosudamericana.com\/notix\/multimedia\/imagenes\/fotos\/2025-08-11\/169256.jpeg_nota.jpeg\" \/><\/a><a class=\"fotos-desarrollo unlink\" title=\"El Gobierno entreg\u00f3 netbooks a estudiantes en la Escuela Normal\" href=\"https:\/\/www.radiosudamericana.com\/notix\/multimedia\/imagenes\/fotos\/2025-08-11\/422382.jpeg\"><img decoding=\"async\" class=\"img-responsive\" src=\"https:\/\/www.radiosudamericana.com\/notix\/multimedia\/imagenes\/fotos\/2025-08-11\/422382.jpeg_nota.jpeg\" \/><\/a><\/p>\n<p>Radio Sudamericana<\/p>\n<\/div>\n<\/div>\n","protected":false},"excerpt":{"rendered":"<p>En el marco del programa Incluir Futuro, el gobierno entreg\u00f3 930 netbooks a los alumnos de primero y segundo a\u00f1os de la Escuela Normal \u201cJuan Pujol\u201d, y del Colegio Secundario Pte. Hip\u00f3lito Yrigoyen. \u201cCon la entrega de estas computadoras queremos que los estudiantes tengan acceso a las mismas oportunidades, sin importar d\u00f3nde vivan, ni cu\u00e1les [&hellip;]<\/p>\n","protected":false},"author":3,"featured_media":64247,"comment_status":"open","ping_status":"open","sticky":false,"template":"","format":"standard","meta":{"footnotes":""},"categories":[9],"tags":[],"class_list":["post-64246","post","type-post","status-publish","format-standard","has-post-thumbnail","hentry","category-politica"],"_links":{"self":[{"href":"http:\/\/informateesquina.com\/index.php?rest_route=\/wp\/v2\/posts\/64246","targetHints":{"allow":["GET"]}}],"collection":[{"href":"http:\/\/informateesquina.com\/index.php?rest_route=\/wp\/v2\/posts"}],"about":[{"href":"http:\/\/informateesquina.com\/index.php?rest_route=\/wp\/v2\/types\/post"}],"author":[{"embeddable":true,"href":"http:\/\/informateesquina.com\/index.php?rest_route=\/wp\/v2\/users\/3"}],"replies":[{"embeddable":true,"href":"http:\/\/informateesquina.com\/index.php?rest_route=%2Fwp%2Fv2%2Fcomments&post=64246"}],"version-history":[{"count":1,"href":"http:\/\/informateesquina.com\/index.php?rest_route=\/wp\/v2\/posts\/64246\/revisions"}],"predecessor-version":[{"id":64248,"href":"http:\/\/informateesquina.com\/index.php?rest_route=\/wp\/v2\/posts\/64246\/revisions\/64248"}],"wp:featuredmedia":[{"embeddable":true,"href":"http:\/\/informateesquina.com\/index.php?rest_route=\/wp\/v2\/media\/64247"}],"wp:attachment":[{"href":"http:\/\/informateesquina.com\/index.php?rest_route=%2Fwp%2Fv2%2Fmedia&parent=64246"}],"wp:term":[{"taxonomy":"category","embeddable":true,"href":"http:\/\/informateesquina.com\/index.php?rest_route=%2Fwp%2Fv2%2Fcategories&post=64246"},{"taxonomy":"post_tag","embeddable":true,"href":"http:\/\/informateesquina.com\/index.php?rest_route=%2Fwp%2Fv2%2Ftags&post=64246"}],"curies":[{"name":"wp","href":"https:\/\/api.w.org\/{rel}","templated":true}]}}