{"id":64249,"date":"2025-08-11T19:59:01","date_gmt":"2025-08-11T22:59:01","guid":{"rendered":"https:\/\/informateesquina.com\/?p=64249"},"modified":"2025-08-11T19:59:01","modified_gmt":"2025-08-11T22:59:01","slug":"bella-vista-buscan-a-adolescente-desaparecido-desde-el-domingo","status":"publish","type":"post","link":"http:\/\/informateesquina.com\/?p=64249","title":{"rendered":"Bella Vista: buscan a adolescente desaparecido desde el domingo"},"content":{"rendered":"<p class=\"copete\">Se trata de Lautaro V\u00edctor Ben\u00edtez, quien se ausent\u00f3 de su domicilio el 10 de agosto. La Polic\u00eda solicita colaboraci\u00f3n de la comunidad para dar con su paradero.<\/p>\n<div class=\"fotos-y-videos\">\n<div class=\"tab-content\">\n<div id=\"fotos\" class=\"tab-pane fade in active\" role=\"tabpanel\"><a class=\"fotos-desarrollo unlink\" title=\"Bella Vista: buscan a adolescente desaparecido desde el domingo\" href=\"https:\/\/www.radiosudamericana.com\/notix\/multimedia\/imagenes\/fotos\/2025-08-11\/649886.jpg\"><img loading=\"lazy\" decoding=\"async\" class=\"img-responsive lazyload center-block\" src=\"https:\/\/www.radiosudamericana.com\/notix\/multimedia\/imagenes\/fotos\/2025-08-11\/649886.jpg_nota.jpg\" alt=\"Bella Vista: buscan a adolescente desaparecido desde el domingo\" width=\"700\" height=\"658\" \/><\/a><\/div>\n<\/div>\n<\/div>\n<p>&nbsp;<\/p>\n<div class=\"cuerpo\">\n<p>La Comisar\u00eda de la Mujer y el Menor de Bella Vista emiti\u00f3 este lunes un pedido de colaboraci\u00f3n para localizar a Lautaro V\u00edctor Ben\u00edtez, un adolescente de 17 a\u00f1os que se encuentra desaparecido desde el domingo 10 de agosto.<\/p>\n<p>Seg\u00fan la informaci\u00f3n oficial, Lautaro tiene contextura delgada, tez morocha, mide aproximadamente\u00a0<strong>1,75 metros, tiene cabello corto negro y un corte en la ceja derecha, con ojos de color negro.<\/strong><\/p>\n<p>Al momento de ausentarse, vest\u00eda un chaleco negro con puntos blancos, un buzo negro con capucha, pantal\u00f3n jogging negro con detalles verdes y zapatillas blancas.<\/p>\n<p><a class=\"fotos-desarrollo unlink\" title=\"Bella Vista: buscan a adolescente desaparecido desde el domingo\" href=\"https:\/\/www.radiosudamericana.com\/notix\/multimedia\/imagenes\/fotos\/2025-08-11\/854992.jpeg\"><img decoding=\"async\" class=\"img-responsive\" src=\"https:\/\/www.radiosudamericana.com\/notix\/multimedia\/imagenes\/fotos\/2025-08-11\/854992.jpeg_nota.jpeg\" \/><\/a><\/p>\n<p>&nbsp;<\/p>\n<div id=\"leermas\"><\/div>\n<p>&nbsp;<\/p>\n<p>Se solicita la colaboraci\u00f3n de la ciudadan\u00eda para aportar datos que permitan dar con el joven. Quienes tengan informaci\u00f3n pueden comunicarse con la Comisar\u00eda de la Mujer y el Menor de Bella Vista al 3794-504253, acercarse a la dependencia policial m\u00e1s cercana o llamar al Sistema Integral de Seguridad (S.I.S.) al 911 en la Capital y 101 en el interior provincial.<\/p>\n<p>Radio Sudamericana<\/p>\n<\/div>\n","protected":false},"excerpt":{"rendered":"<p>Se trata de Lautaro V\u00edctor Ben\u00edtez, quien se ausent\u00f3 de su domicilio el 10 de agosto. La Polic\u00eda solicita colaboraci\u00f3n de la comunidad para dar con su paradero. &nbsp; La Comisar\u00eda de la Mujer y el Menor de Bella Vista emiti\u00f3 este lunes un pedido de colaboraci\u00f3n para localizar a Lautaro V\u00edctor Ben\u00edtez, un adolescente [&hellip;]<\/p>\n","protected":false},"author":3,"featured_media":64250,"comment_status":"open","ping_status":"open","sticky":false,"template":"","format":"standard","meta":{"footnotes":""},"categories":[8],"tags":[],"class_list":["post-64249","post","type-post","status-publish","format-standard","has-post-thumbnail","hentry","category-policiales"],"_links":{"self":[{"href":"http:\/\/informateesquina.com\/index.php?rest_route=\/wp\/v2\/posts\/64249","targetHints":{"allow":["GET"]}}],"collection":[{"href":"http:\/\/informateesquina.com\/index.php?rest_route=\/wp\/v2\/posts"}],"about":[{"href":"http:\/\/informateesquina.com\/index.php?rest_route=\/wp\/v2\/types\/post"}],"author":[{"embeddable":true,"href":"http:\/\/informateesquina.com\/index.php?rest_route=\/wp\/v2\/users\/3"}],"replies":[{"embeddable":true,"href":"http:\/\/informateesquina.com\/index.php?rest_route=%2Fwp%2Fv2%2Fcomments&post=64249"}],"version-history":[{"count":1,"href":"http:\/\/informateesquina.com\/index.php?rest_route=\/wp\/v2\/posts\/64249\/revisions"}],"predecessor-version":[{"id":64251,"href":"http:\/\/informateesquina.com\/index.php?rest_route=\/wp\/v2\/posts\/64249\/revisions\/64251"}],"wp:featuredmedia":[{"embeddable":true,"href":"http:\/\/informateesquina.com\/index.php?rest_route=\/wp\/v2\/media\/64250"}],"wp:attachment":[{"href":"http:\/\/informateesquina.com\/index.php?rest_route=%2Fwp%2Fv2%2Fmedia&parent=64249"}],"wp:term":[{"taxonomy":"category","embeddable":true,"href":"http:\/\/informateesquina.com\/index.php?rest_route=%2Fwp%2Fv2%2Fcategories&post=64249"},{"taxonomy":"post_tag","embeddable":true,"href":"http:\/\/informateesquina.com\/index.php?rest_route=%2Fwp%2Fv2%2Ftags&post=64249"}],"curies":[{"name":"wp","href":"https:\/\/api.w.org\/{rel}","templated":true}]}}