{"id":64253,"date":"2025-08-12T10:07:21","date_gmt":"2025-08-12T13:07:21","guid":{"rendered":"https:\/\/informateesquina.com\/?p=64253"},"modified":"2025-08-12T10:07:21","modified_gmt":"2025-08-12T13:07:21","slug":"accidente-en-ruta-12-motociclista-murio-y-una-mujer-perdio-la-pierna","status":"publish","type":"post","link":"http:\/\/informateesquina.com\/?p=64253","title":{"rendered":"Accidente en Ruta 12: motociclista muri\u00f3 y una mujer perdi\u00f3 la pierna"},"content":{"rendered":"<div>\n<p class=\"copete\">El siniestro ocurri\u00f3 en la ma\u00f1ana del lunes sobre Ruta Nacional N\u00b012 a la altura de la Eragia. Debido a las fuertes lesiones que sufrieron los motociclistas, uno perdi\u00f3 la vida y a la otra conductora le amputaron una de sus piernas.<\/p>\n<div class=\"fotos-y-videos\">\n<div class=\"tab-content\">\n<div id=\"fotos\" class=\"tab-pane fade in active\" role=\"tabpanel\"><a class=\"fotos-desarrollo unlink\" title=\"Accidente en Ruta 12: motociclista muri\u00f3 y una mujer perdi\u00f3 la pierna\" href=\"https:\/\/www.radiosudamericana.com\/notix\/multimedia\/imagenes\/fotos\/2025-08-12\/102773.jpg\"><img loading=\"lazy\" decoding=\"async\" class=\"img-responsive lazyload center-block\" src=\"https:\/\/www.radiosudamericana.com\/notix\/multimedia\/imagenes\/fotos\/2025-08-12\/102773.jpg_nota.jpg\" alt=\"Accidente en Ruta 12: motociclista muri\u00f3 y una mujer perdi\u00f3 la pierna\" width=\"700\" height=\"700\" \/><\/a><\/div>\n<\/div>\n<\/div>\n<p>&nbsp;<\/p>\n<div class=\"audios-desarrollo\">\n<div id=\"audio-1\"><audio src=\"https:\/\/www.radiosudamericana.com\/notix\/multimedia\/audios\/2025-08-12\/532707.mp3\" controls=\"controls\" data-mce-fragment=\"1\"><\/audio><\/div>\n<\/div>\n<div class=\"cuerpo\">\n<p>De acuerdo a la informaci\u00f3n a la que accedi\u00f3 Radio Sudamericana,\u00a0<strong>en las \u00faltimas horas muri\u00f3 uno de los motociclistas que protagoniz\u00f3 un accidente el lunes por la ma\u00f1ana sobre Ruta 12, a la altura de Eragia.\u00a0<\/strong><\/p>\n<p>&nbsp;<\/p>\n<div id=\"embeds\" class=\"inser center-block\"><\/div>\n<p>&nbsp;<\/p>\n<p><strong>La v\u00edctima fatal es un joven de 22 a\u00f1os de apellido Borda, que conduc\u00eda una motocicleta marca Zanella RX de 200 cc.\u00a0<\/strong><\/p>\n<p>&nbsp;<\/p>\n<\/div>\n<div>En tanto que a la otra conductora de 36 a\u00f1os de apellido Rodas, personal de Gendarmer\u00eda, que circulaba en una moto\u00a0marca Bajaj Dominar de 400cc,\u00a0sufri\u00f3\u00a0la amputaci\u00f3n de una de sus piernas\u00a0debido a la gravedad de las lesiones durante la colisi\u00f3n.<\/div>\n<div>Radio Sudamericana<\/div>\n<\/div>\n","protected":false},"excerpt":{"rendered":"<p>El siniestro ocurri\u00f3 en la ma\u00f1ana del lunes sobre Ruta Nacional N\u00b012 a la altura de la Eragia. Debido a las fuertes lesiones que sufrieron los motociclistas, uno perdi\u00f3 la vida y a la otra conductora le amputaron una de sus piernas. &nbsp; De acuerdo a la informaci\u00f3n a la que accedi\u00f3 Radio Sudamericana,\u00a0en las [&hellip;]<\/p>\n","protected":false},"author":3,"featured_media":64254,"comment_status":"open","ping_status":"open","sticky":false,"template":"","format":"standard","meta":{"footnotes":""},"categories":[8],"tags":[],"class_list":["post-64253","post","type-post","status-publish","format-standard","has-post-thumbnail","hentry","category-policiales"],"_links":{"self":[{"href":"http:\/\/informateesquina.com\/index.php?rest_route=\/wp\/v2\/posts\/64253","targetHints":{"allow":["GET"]}}],"collection":[{"href":"http:\/\/informateesquina.com\/index.php?rest_route=\/wp\/v2\/posts"}],"about":[{"href":"http:\/\/informateesquina.com\/index.php?rest_route=\/wp\/v2\/types\/post"}],"author":[{"embeddable":true,"href":"http:\/\/informateesquina.com\/index.php?rest_route=\/wp\/v2\/users\/3"}],"replies":[{"embeddable":true,"href":"http:\/\/informateesquina.com\/index.php?rest_route=%2Fwp%2Fv2%2Fcomments&post=64253"}],"version-history":[{"count":1,"href":"http:\/\/informateesquina.com\/index.php?rest_route=\/wp\/v2\/posts\/64253\/revisions"}],"predecessor-version":[{"id":64255,"href":"http:\/\/informateesquina.com\/index.php?rest_route=\/wp\/v2\/posts\/64253\/revisions\/64255"}],"wp:featuredmedia":[{"embeddable":true,"href":"http:\/\/informateesquina.com\/index.php?rest_route=\/wp\/v2\/media\/64254"}],"wp:attachment":[{"href":"http:\/\/informateesquina.com\/index.php?rest_route=%2Fwp%2Fv2%2Fmedia&parent=64253"}],"wp:term":[{"taxonomy":"category","embeddable":true,"href":"http:\/\/informateesquina.com\/index.php?rest_route=%2Fwp%2Fv2%2Fcategories&post=64253"},{"taxonomy":"post_tag","embeddable":true,"href":"http:\/\/informateesquina.com\/index.php?rest_route=%2Fwp%2Fv2%2Ftags&post=64253"}],"curies":[{"name":"wp","href":"https:\/\/api.w.org\/{rel}","templated":true}]}}