{"id":64298,"date":"2025-08-17T03:22:21","date_gmt":"2025-08-17T06:22:21","guid":{"rendered":"https:\/\/informateesquina.com\/?p=64298"},"modified":"2025-08-17T03:22:21","modified_gmt":"2025-08-17T06:22:21","slug":"valdes-inauguro-obras-en-yapeyu-y-entrego-equipos-a-emprendedores","status":"publish","type":"post","link":"http:\/\/informateesquina.com\/?p=64298","title":{"rendered":"Vald\u00e9s inaugur\u00f3 obras en Yapey\u00fa y entreg\u00f3 equipos a emprendedores"},"content":{"rendered":"<div>\n<p class=\"copete\">\n<\/div>\n<div class=\"fotos-y-videos\">\n<div class=\"tab-content\">\n<div id=\"fotos\" class=\"tab-pane fade in active\" role=\"tabpanel\"><a class=\"fotos-desarrollo unlink\" title=\"Vald\u00e9s inaugur\u00f3 obras en Yapey\u00fa y entreg\u00f3 equipos a emprendedores\" href=\"https:\/\/www.radiosudamericana.com\/notix\/multimedia\/imagenes\/fotos\/2025-08-16\/198587.jpg\"><img loading=\"lazy\" decoding=\"async\" class=\"img-responsive lazyload center-block\" src=\"https:\/\/www.radiosudamericana.com\/notix\/multimedia\/imagenes\/fotos\/2025-08-16\/198587.jpg_nota.jpg\" alt=\"Vald\u00e9s inaugur\u00f3 obras en Yapey\u00fa y entreg\u00f3 equipos a emprendedores\" width=\"700\" height=\"466\" \/><\/a><\/div>\n<\/div>\n<\/div>\n<p>&nbsp;<\/p>\n<div class=\"cuerpo\">\n<p>En la localidad de Yapey\u00fa, el gobernador Gustavo Vald\u00e9s encabez\u00f3 la remodelaci\u00f3n de la Plaza San Mart\u00edn y present\u00f3 mejoras en el Polideportivo Ra\u00fal Alfons\u00edn, incluyendo iluminaci\u00f3n LED, obras viales y sistemas de seguridad. Durante el acto, el mandatario tambi\u00e9n entreg\u00f3 bienes de capital a emprendedores locales a trav\u00e9s del programa \u201cEmprendedores Somos Todos\u201d.<\/p>\n<p>&nbsp;<\/p>\n<p>Vald\u00e9s destac\u00f3 la importancia de invertir en el desarrollo hist\u00f3rico y cultural de la ciudad, cuna del General San Mart\u00edn, y se\u00f1al\u00f3 que el objetivo es<em><strong>\u00a0\u201cdarle otro volumen y otro tono\u201d\u00a0<\/strong><\/em>a Yapey\u00fa para que los visitantes permanezcan m\u00e1s tiempo. Adem\u00e1s, remarc\u00f3 la relevancia de acompa\u00f1ar a los emprendedores:\u00a0<strong><em>\u201cSi ten\u00e9s un talento, si quer\u00e9s emprender de alguna manera, le damos un envi\u00f3n. El \u00e9xito termina siendo la consecuencia de muchas ca\u00eddas, pero es exitoso el que siempre se levanta\u201d<\/em><\/strong>.<\/p>\n<p><a class=\"fotos-desarrollo unlink\" title=\"Vald\u00e9s inaugur\u00f3 obras en Yapey\u00fa y entreg\u00f3 equipos a emprendedores\" href=\"https:\/\/www.radiosudamericana.com\/notix\/multimedia\/imagenes\/fotos\/2025-08-16\/376091.jpg\"><img decoding=\"async\" class=\"img-responsive\" src=\"https:\/\/www.radiosudamericana.com\/notix\/multimedia\/imagenes\/fotos\/2025-08-16\/376091.jpg_nota.jpg\" \/><\/a><\/p>\n<p>En ese marco, anunci\u00f3 un programa de microcr\u00e9ditos mediante la Fundaci\u00f3n del Banco de Corrientes, con montos de entre 500 mil y 3 millones de pesos, una tasa anual m\u00ednima del 7% y seis meses de gracia, destinado a potenciar proyectos productivos locales.<\/p>\n<p>La intendenta Marisol Fag\u00fandez resalt\u00f3 la inversi\u00f3n provincial y expres\u00f3:\u00a0<strong><em>\u201cNing\u00fan gobierno dio tantas obras a Yapey\u00fa como lo hizo el del doctor Gustavo Vald\u00e9s. Esto demuestra que el Gobernador quiso realmente ver crecer a nuestro Yapey\u00fa\u201d<\/em><\/strong>. Adem\u00e1s, destac\u00f3 la entrega de equipamiento a emprendedores y el trabajo de capacitaci\u00f3n que acompa\u00f1a estas herramientas.<\/p>\n<p><a class=\"fotos-desarrollo unlink\" title=\"Vald\u00e9s inaugur\u00f3 obras en Yapey\u00fa y entreg\u00f3 equipos a emprendedores\" href=\"https:\/\/www.radiosudamericana.com\/notix\/multimedia\/imagenes\/fotos\/2025-08-16\/787802.jpg\"><img decoding=\"async\" class=\"img-responsive\" src=\"https:\/\/www.radiosudamericana.com\/notix\/multimedia\/imagenes\/fotos\/2025-08-16\/787802.jpg_nota.jpg\" \/><\/a><\/p>\n<p>Durante el acto se distribuyeron bienes de capital a 10 emprendedores, incluyendo maquinaria y herramientas para sectores como panader\u00eda, textil, gastronom\u00eda, jardiner\u00eda, carpinter\u00eda y peluquer\u00eda. Participaron funcionarios provinciales y municipales, legisladores, concejales, intendentes de localidades vecinas y autoridades del programa \u201cEmprendedores Somos Todos\u201d.<\/p>\n<\/div>\n","protected":false},"excerpt":{"rendered":"<p>&nbsp; En la localidad de Yapey\u00fa, el gobernador Gustavo Vald\u00e9s encabez\u00f3 la remodelaci\u00f3n de la Plaza San Mart\u00edn y present\u00f3 mejoras en el Polideportivo Ra\u00fal Alfons\u00edn, incluyendo iluminaci\u00f3n LED, obras viales y sistemas de seguridad. Durante el acto, el mandatario tambi\u00e9n entreg\u00f3 bienes de capital a emprendedores locales a trav\u00e9s del programa \u201cEmprendedores Somos Todos\u201d. [&hellip;]<\/p>\n","protected":false},"author":3,"featured_media":64299,"comment_status":"open","ping_status":"open","sticky":false,"template":"","format":"standard","meta":{"footnotes":""},"categories":[10,11],"tags":[],"class_list":["post-64298","post","type-post","status-publish","format-standard","has-post-thumbnail","hentry","category-provinciales","category-sociedad"],"_links":{"self":[{"href":"http:\/\/informateesquina.com\/index.php?rest_route=\/wp\/v2\/posts\/64298","targetHints":{"allow":["GET"]}}],"collection":[{"href":"http:\/\/informateesquina.com\/index.php?rest_route=\/wp\/v2\/posts"}],"about":[{"href":"http:\/\/informateesquina.com\/index.php?rest_route=\/wp\/v2\/types\/post"}],"author":[{"embeddable":true,"href":"http:\/\/informateesquina.com\/index.php?rest_route=\/wp\/v2\/users\/3"}],"replies":[{"embeddable":true,"href":"http:\/\/informateesquina.com\/index.php?rest_route=%2Fwp%2Fv2%2Fcomments&post=64298"}],"version-history":[{"count":1,"href":"http:\/\/informateesquina.com\/index.php?rest_route=\/wp\/v2\/posts\/64298\/revisions"}],"predecessor-version":[{"id":64300,"href":"http:\/\/informateesquina.com\/index.php?rest_route=\/wp\/v2\/posts\/64298\/revisions\/64300"}],"wp:featuredmedia":[{"embeddable":true,"href":"http:\/\/informateesquina.com\/index.php?rest_route=\/wp\/v2\/media\/64299"}],"wp:attachment":[{"href":"http:\/\/informateesquina.com\/index.php?rest_route=%2Fwp%2Fv2%2Fmedia&parent=64298"}],"wp:term":[{"taxonomy":"category","embeddable":true,"href":"http:\/\/informateesquina.com\/index.php?rest_route=%2Fwp%2Fv2%2Fcategories&post=64298"},{"taxonomy":"post_tag","embeddable":true,"href":"http:\/\/informateesquina.com\/index.php?rest_route=%2Fwp%2Fv2%2Ftags&post=64298"}],"curies":[{"name":"wp","href":"https:\/\/api.w.org\/{rel}","templated":true}]}}