{"id":65035,"date":"2025-09-24T21:19:43","date_gmt":"2025-09-25T00:19:43","guid":{"rendered":"https:\/\/informateesquina.com\/?p=65035"},"modified":"2025-09-24T21:46:46","modified_gmt":"2025-09-25T00:46:46","slug":"tras-el-respaldo-de-eeuu-milei-quiere-lograr-nuevos-acuerdos-con-las-provincias-y-el-congreso","status":"publish","type":"post","link":"http:\/\/informateesquina.com\/?p=65035","title":{"rendered":"Tras el respaldo de EEUU, Milei quiere lograr nuevos acuerdos con las provincias y el Congreso"},"content":{"rendered":"<header class=\"article-header-wrapper\">\n<div class=\"article-header\"><\/div>\n<\/header>\n<article class=\"article\">\n<div class=\"sharebar-container display_flex\">\n<div class=\"sharebar-buttons-container display_flex\"><\/div>\n<\/div>\n<div class=\"body-article \">\n<div class=\"visual__image image-initial-width\"><picture><source srcset=\"https:\/\/www.infobae.com\/resizer\/v2\/SHSEZNWBOZCB5PKIEY5QLNLM2I.JPG?auth=d9672eaec2915c3c2db9fd4d2d564f15b624bf53193dba173affdafb2d4ea0d6&amp;smart=true&amp;width=992&amp;height=662&amp;quality=85\" media=\"(min-width: 1000px)\" \/><source srcset=\"https:\/\/www.infobae.com\/resizer\/v2\/SHSEZNWBOZCB5PKIEY5QLNLM2I.JPG?auth=d9672eaec2915c3c2db9fd4d2d564f15b624bf53193dba173affdafb2d4ea0d6&amp;smart=true&amp;width=768&amp;height=513&amp;quality=85\" media=\"(min-width: 768px)\" \/><source srcset=\"https:\/\/www.infobae.com\/resizer\/v2\/SHSEZNWBOZCB5PKIEY5QLNLM2I.JPG?auth=d9672eaec2915c3c2db9fd4d2d564f15b624bf53193dba173affdafb2d4ea0d6&amp;smart=true&amp;width=577&amp;height=385&amp;quality=85\" media=\"(min-width: 580px)\" \/><source srcset=\"https:\/\/www.infobae.com\/resizer\/v2\/SHSEZNWBOZCB5PKIEY5QLNLM2I.JPG?auth=d9672eaec2915c3c2db9fd4d2d564f15b624bf53193dba173affdafb2d4ea0d6&amp;smart=true&amp;width=420&amp;height=280&amp;quality=85\" media=\"(min-width: 350px)\" \/><source srcset=\"https:\/\/www.infobae.com\/resizer\/v2\/SHSEZNWBOZCB5PKIEY5QLNLM2I.JPG?auth=d9672eaec2915c3c2db9fd4d2d564f15b624bf53193dba173affdafb2d4ea0d6&amp;smart=true&amp;width=350&amp;height=234&amp;quality=85\" media=\"(min-width: 80px)\" \/><img loading=\"lazy\" decoding=\"async\" class=\"global-image\" src=\"https:\/\/www.infobae.com\/resizer\/v2\/SHSEZNWBOZCB5PKIEY5QLNLM2I.JPG?auth=d9672eaec2915c3c2db9fd4d2d564f15b624bf53193dba173affdafb2d4ea0d6&amp;smart=true&amp;width=350&amp;height=234&amp;quality=85\" alt=\"Javier Milei y Donald Trump\" width=\"5500\" height=\"3673\" \/><\/picture>Javier Milei y Donald Trump durante su reuni\u00f3n de este martes en Nueva York (REUTERS)<\/div>\n<p class=\"paragraph\" data-mrf-recirculation=\"Links inline\">El secretario del Tesoro de los Estados Unidos,\u00a0<b>Scott Bessent, confirm\u00f3 esta ma\u00f1ana\u00a0<\/b><b>el acuerdo para asistir financieramente a la Casa Rosada<\/b>. El arreglo ven\u00eda negoci\u00e1ndose desde hace semanas, pero tom\u00f3 temperatura en las \u00faltimas horas del domingo, antes de que abriera el mercado cambiario.\u00a0<b>\u201cSab\u00edamos que se nos iba a complicar la mano si no logr\u00e1bamos un gesto\u201d<\/b>, afirm\u00f3 una fuente que estuvo en las tratativas.<\/p>\n<div class=\"news-module\" data-mrf-recirculation=\"IL_2_GB_9O-QPaEgG0T7rEvhQ\" data-testid=\"text-html\" data-mrf-experience=\"IL_2_GB_9O-QPaEgG0T7rEvhQ\">\n<div class=\"recommended-card__info\"><\/div>\n<\/div>\n<p class=\"paragraph\" data-mrf-recirculation=\"Links inline\">As\u00ed,\u00a0<b>la administraci\u00f3n de Donald Trump se comprometi\u00f3 a hacer \u201ctodo lo posible\u201d para evitar que fracase el programa econ\u00f3mico del Gobierno<\/b>, algo que est\u00e1 estrechamente emparentado a la performance de La Libertad Avanza en las elecciones generales de octubre.<\/p>\n<div class=\"inline ad-wrapper\">\n<div class=\"dfpAd ad-inline\"><\/div>\n<\/div>\n<p class=\"paragraph\" data-mrf-recirculation=\"Links inline\">Se trata de una nueva instancia que ensalza a\u00fan m\u00e1s la alianza estrat\u00e9gica a nivel geopol\u00edtico entre Argentina y Estados Unidos.\u00a0<b>\u201cTenemos un alineamiento mutuo. Ellos nos ayudan y nosotros a ellos\u201d<\/b>, describi\u00f3 a\u00a0<b>Infobae\u00a0<\/b>un funcionario de acceso a esas conversaciones, que adelant\u00f3 que el pr\u00f3ximo objetivo de Milei ser\u00e1<b>\u00a0ordenar la situaci\u00f3n del oficialismo en el plano legislativo<\/b>.<\/p>\n<div class=\"news-module\" data-mrf-recirculation=\"IL_wv5lqF4aQ7G5etrMMyn62Q\" data-testid=\"text-html\" data-mrf-experience=\"IL_wv5lqF4aQ7G5etrMMyn62Q\">\n<div class=\"recommended-card__info\"><\/div>\n<\/div>\n<p class=\"paragraph\" data-mrf-recirculation=\"Links inline\">\u201c<b>Vamos a buscar retomar el control pol\u00edtico del Congreso<\/b>. Esto se traduce en que consigamos los n\u00fameros para tener mayor\u00edas en ambas c\u00e1maras, o lo que se pueda acercar a eso\u201d, afirm\u00f3 a este medio una fuente inobjetable.\u00a0<b>Esa misma persona no neg\u00f3 que la administraci\u00f3n norteamericana no tenga intereses relativos a las tierras raras y otros asuntos vinculados a la presencia de China en el pa\u00eds<\/b>.<\/p>\n<div class=\"visual__image\"><picture><source srcset=\"https:\/\/www.infobae.com\/resizer\/v2\/4R52Y67WPZEV3F3LKMEQSIMGVI.jpg?auth=061aa8390b2d131a0060d2dfcbf57e51700ad605f2d3e5d2d8610b378070fa03&amp;smart=true&amp;width=992&amp;height=558&amp;quality=85\" media=\"(min-width: 1000px)\" \/><source srcset=\"https:\/\/www.infobae.com\/resizer\/v2\/4R52Y67WPZEV3F3LKMEQSIMGVI.jpg?auth=061aa8390b2d131a0060d2dfcbf57e51700ad605f2d3e5d2d8610b378070fa03&amp;smart=true&amp;width=768&amp;height=432&amp;quality=85\" media=\"(min-width: 768px)\" \/><source srcset=\"https:\/\/www.infobae.com\/resizer\/v2\/4R52Y67WPZEV3F3LKMEQSIMGVI.jpg?auth=061aa8390b2d131a0060d2dfcbf57e51700ad605f2d3e5d2d8610b378070fa03&amp;smart=true&amp;width=577&amp;height=325&amp;quality=85\" media=\"(min-width: 580px)\" \/><source srcset=\"https:\/\/www.infobae.com\/resizer\/v2\/4R52Y67WPZEV3F3LKMEQSIMGVI.jpg?auth=061aa8390b2d131a0060d2dfcbf57e51700ad605f2d3e5d2d8610b378070fa03&amp;smart=true&amp;width=420&amp;height=236&amp;quality=85\" media=\"(min-width: 350px)\" \/><source srcset=\"https:\/\/www.infobae.com\/resizer\/v2\/4R52Y67WPZEV3F3LKMEQSIMGVI.jpg?auth=061aa8390b2d131a0060d2dfcbf57e51700ad605f2d3e5d2d8610b378070fa03&amp;smart=true&amp;width=350&amp;height=197&amp;quality=85\" media=\"(min-width: 80px)\" \/><img loading=\"lazy\" decoding=\"async\" class=\"global-image\" src=\"https:\/\/www.infobae.com\/resizer\/v2\/4R52Y67WPZEV3F3LKMEQSIMGVI.jpg?auth=061aa8390b2d131a0060d2dfcbf57e51700ad605f2d3e5d2d8610b378070fa03&amp;smart=true&amp;width=350&amp;height=197&amp;quality=85\" alt=\"El Presidente se comprometi\u00f3 a\" width=\"1920\" height=\"1080\" \/><\/picture>El Presidente se comprometi\u00f3 a ordenar la situaci\u00f3n del oficialismo en el plano legislativo<\/div>\n<div class=\"inline_2_DSK ad-wrapper ad-desktop\">\n<div class=\"dfpAd ad-inline\"><\/div>\n<\/div>\n<p class=\"paragraph\" data-mrf-recirculation=\"Links inline\"><b>En la c\u00fapula del Gobierno se habla de conseguir una suerte de pacto de gobernabilidad<\/b>, el cual, para ellos, deber\u00e1 materializarse m\u00e1s temprano que tarde. \u201cSi fuera por m\u00ed, arranco las convocatorias ma\u00f1ana, pero estamos en medio de la campa\u00f1a y a medida que se acerquen las elecciones van a perder incentivos para colaborar.\u00a0<b>La idea es ser m\u00e1s enf\u00e1ticos en esta cuesti\u00f3n despu\u00e9s de las elecciones<\/b>. Es lo que tenemos que hacer\u201d, explicaba una alta fuente palaciega.<\/p>\n<div class=\"news-module\" data-mrf-recirculation=\"IL_JkB3GTBFTj2urpbOlzOORQ\" data-testid=\"text-html\" data-mrf-experience=\"IL_JkB3GTBFTj2urpbOlzOORQ\">\n<div class=\"recommended-card__info\"><\/div>\n<\/div>\n<p class=\"paragraph\" data-mrf-recirculation=\"Links inline\">Las negociaciones fuertes entre ambas administraciones comenzaron a materializarse el \u00faltimo domingo por la noche.\u00a0<b>Estados Unidos le pidi\u00f3 a la Casa Rosada que les brindaran un estado de situaci\u00f3n sobre c\u00f3mo puede quedar la composici\u00f3n del Congreso<\/b>, tanto en el escenario optimista como pesimista. En cuesti\u00f3n de horas, los mileistas les devolvieron el diagn\u00f3stico. En rigor, los asesores de Trump quieren asegurarse de que el apoyo que brindar\u00e1n no ser\u00e1 en vano: y es que vieron que el oficialismo estar\u00e1 forzado a negociar con amplios sectores pol\u00edticos a partir del pr\u00f3ximo recambio legislativo.<\/p>\n<p class=\"paragraph\" data-mrf-recirculation=\"Links inline\">Para atraer inversiones,\u00a0<b>Milei quiere impulsar parte de sus reformas de segunda generaci\u00f3n, entre las que se encuentran la laboral y la tributaria<\/b>. Para ello precisan la mayor\u00eda de ambas c\u00e1maras del Congreso. En amplios sectores pol\u00edticos consideran que debe haber cambios en esas \u00e1reas, pero esto no exime a la cuesti\u00f3n de que la negociaci\u00f3n para aprobarlas ser\u00e1n r\u00edspidas.<\/p>\n<p class=\"paragraph\" data-mrf-recirculation=\"Links inline\">Por asuntos coyunturales,<b>\u00a0el oficialismo se ve en una encerrona al momento de querer acercarse a gobernadores o legisladores nacionales<\/b>. Algunos de ellos compiten con La Libertad Avanza en sus respectivos distritos. Hay quienes han mantenido un di\u00e1logo respetuoso con los libertarios, pero otros a los que la Casa Rosada termin\u00f3 por alejar por promesas incumplidas o por el armado electoral que se realiz\u00f3 a nivel provincial.<\/p>\n<div class=\"visual__image\"><picture><source srcset=\"https:\/\/www.infobae.com\/resizer\/v2\/ROEEN63SB5CPLAUQML7V7DQGII.jpeg?auth=4caf7e8bbb3629a24a3f76ebabf80ddb6a9d5cb0f86a221ba00ce3ff9b84dbb6&amp;smart=true&amp;width=992&amp;height=661&amp;quality=85\" media=\"(min-width: 1000px)\" \/><source srcset=\"https:\/\/www.infobae.com\/resizer\/v2\/ROEEN63SB5CPLAUQML7V7DQGII.jpeg?auth=4caf7e8bbb3629a24a3f76ebabf80ddb6a9d5cb0f86a221ba00ce3ff9b84dbb6&amp;smart=true&amp;width=768&amp;height=512&amp;quality=85\" media=\"(min-width: 768px)\" \/><source srcset=\"https:\/\/www.infobae.com\/resizer\/v2\/ROEEN63SB5CPLAUQML7V7DQGII.jpeg?auth=4caf7e8bbb3629a24a3f76ebabf80ddb6a9d5cb0f86a221ba00ce3ff9b84dbb6&amp;smart=true&amp;width=577&amp;height=385&amp;quality=85\" media=\"(min-width: 580px)\" \/><source srcset=\"https:\/\/www.infobae.com\/resizer\/v2\/ROEEN63SB5CPLAUQML7V7DQGII.jpeg?auth=4caf7e8bbb3629a24a3f76ebabf80ddb6a9d5cb0f86a221ba00ce3ff9b84dbb6&amp;smart=true&amp;width=420&amp;height=280&amp;quality=85\" media=\"(min-width: 350px)\" \/><source srcset=\"https:\/\/www.infobae.com\/resizer\/v2\/ROEEN63SB5CPLAUQML7V7DQGII.jpeg?auth=4caf7e8bbb3629a24a3f76ebabf80ddb6a9d5cb0f86a221ba00ce3ff9b84dbb6&amp;smart=true&amp;width=350&amp;height=233&amp;quality=85\" media=\"(min-width: 80px)\" \/><img loading=\"lazy\" decoding=\"async\" class=\"global-image\" src=\"https:\/\/www.infobae.com\/resizer\/v2\/ROEEN63SB5CPLAUQML7V7DQGII.jpeg?auth=4caf7e8bbb3629a24a3f76ebabf80ddb6a9d5cb0f86a221ba00ce3ff9b84dbb6&amp;smart=true&amp;width=350&amp;height=233&amp;quality=85\" alt=\"Javier Milei durante el Pacto\" width=\"1920\" height=\"1280\" \/><\/picture>Javier Milei durante el Pacto de Mayo (Nicol\u00e1s Nu\u00f1ez)<\/div>\n<p class=\"paragraph\" data-mrf-recirculation=\"Links inline\"><b>En el entorno de Milei piensan que la gobernabilidad que ellos precisan puede asegurarse principalmente por un acuerdo pol\u00edtico con gobernadores<\/b>. Contabilizan al menos a doce de ellos con los que tienen intereses comunes y con los que pueden dialogar para tratar asuntos clave en el Congreso. Aunque creen que es importante tener di\u00e1logo con el partido nacional del PRO, no los consideran igual de determinantes que los jefes provinciales.<\/p>\n<p class=\"paragraph\" data-mrf-recirculation=\"Links inline\">\u00bfEsto puede traer un correlato en promesas de cargos en la futura composici\u00f3n del Gabinete despu\u00e9s de diciembre? Hay diferentes posturas sobre este asunto. Por un lado, una persona de alt\u00edsima ascendencia sobre la figura de Milei opina que<b>\u00a0darles varias Secretar\u00edas o Subsecretar\u00edas no incidir\u00e1 demasiado en la ecuaci\u00f3n<\/b>. \u201cSi yo no quiero hacer obras p\u00fablicas, no va a cambiar nada que se la d\u00e9 a un gobernador\u201d, opina. En cambio, marca que la reconstrucci\u00f3n de la confianza con estos mandatarios debe hacerse en base a un mayor di\u00e1logo y la reconstrucci\u00f3n de la credibilidad de la palabra del oficialismo.<\/p>\n<p class=\"paragraph\" data-mrf-recirculation=\"Links inline\">En otros despachos relativizan este alcance:\u00a0<b>\u201cSi fuera as\u00ed, ser\u00eda lo mismo o no poner a un funcionario porque la decisi\u00f3n viene de arriba.<\/b>\u00a0Poner a algunas personas en ciertos ravioles puede ser una buena demostraci\u00f3n inicial\u201d.<\/p>\n<p class=\"paragraph\" data-mrf-recirculation=\"Links inline\">De todas maneras, estos asuntos no ser\u00e1n definidos en el cort\u00edsimo plazo.\u00a0<b>Es que el Poder Ejecutivo tiene como un dilema mayor: c\u00f3mo ordenar el sistema de toma de decisiones pol\u00edticas al interior del Gobierno<\/b>. El di\u00e1logo con gobernadores, con legisladores y grupos de distintas raigambres lo est\u00e1n realizando diferentes sectores del Gobierno al mismo tiempo. Dependiendo el caso pueden estar conversando el asesor presidencial,\u00a0<b>Santiago Caputo<\/b>; el jefe de Gabinete,\u00a0<b>Guillermo Francos<\/b>; el ministro del Interior,\u00a0<b>Lisandro Catal\u00e1n<\/b>; el presidente de la C\u00e1mara de Diputados,\u00a0<b>Mart\u00edn Menem<\/b>; entre otros. Estos no coinciden ni tienen la misma visi\u00f3n en todas las circunstancias.<\/p>\n<p class=\"paragraph\" data-mrf-recirculation=\"Links inline\">Aunque no fue un pedido expl\u00edcito de la Casa Blanca,<b>\u00a0est\u00e1 la expectativa<\/b>\u00a0(incluso entre los propios)\u00a0<b>de que Javier Milei pueda sincerar c\u00f3mo puede funcionar este esquema ante los desaf\u00edos que se le presenta a su administraci\u00f3n a partir de octubre<\/b>. \u201cEl gesto econ\u00f3mico es clave, pero tiene que acompa\u00f1ar la pol\u00edtica\u201d, coinciden.<\/p>\n<\/div>\n<\/article>\n","protected":false},"excerpt":{"rendered":"<p>Javier Milei y Donald Trump durante su reuni\u00f3n de este martes en Nueva York (REUTERS) El secretario del Tesoro de los Estados Unidos,\u00a0Scott Bessent, confirm\u00f3 esta ma\u00f1ana\u00a0el acuerdo para asistir financieramente a la Casa Rosada. El arreglo ven\u00eda negoci\u00e1ndose desde hace semanas, pero tom\u00f3 temperatura en las \u00faltimas horas del domingo, antes de que abriera [&hellip;]<\/p>\n","protected":false},"author":3,"featured_media":65037,"comment_status":"open","ping_status":"open","sticky":false,"template":"","format":"standard","meta":{"footnotes":""},"categories":[5,7,1],"tags":[],"class_list":["post-65035","post","type-post","status-publish","format-standard","has-post-thumbnail","hentry","category-internacionales","category-nacionales","category-sin-categoria"],"_links":{"self":[{"href":"http:\/\/informateesquina.com\/index.php?rest_route=\/wp\/v2\/posts\/65035","targetHints":{"allow":["GET"]}}],"collection":[{"href":"http:\/\/informateesquina.com\/index.php?rest_route=\/wp\/v2\/posts"}],"about":[{"href":"http:\/\/informateesquina.com\/index.php?rest_route=\/wp\/v2\/types\/post"}],"author":[{"embeddable":true,"href":"http:\/\/informateesquina.com\/index.php?rest_route=\/wp\/v2\/users\/3"}],"replies":[{"embeddable":true,"href":"http:\/\/informateesquina.com\/index.php?rest_route=%2Fwp%2Fv2%2Fcomments&post=65035"}],"version-history":[{"count":3,"href":"http:\/\/informateesquina.com\/index.php?rest_route=\/wp\/v2\/posts\/65035\/revisions"}],"predecessor-version":[{"id":65039,"href":"http:\/\/informateesquina.com\/index.php?rest_route=\/wp\/v2\/posts\/65035\/revisions\/65039"}],"wp:featuredmedia":[{"embeddable":true,"href":"http:\/\/informateesquina.com\/index.php?rest_route=\/wp\/v2\/media\/65037"}],"wp:attachment":[{"href":"http:\/\/informateesquina.com\/index.php?rest_route=%2Fwp%2Fv2%2Fmedia&parent=65035"}],"wp:term":[{"taxonomy":"category","embeddable":true,"href":"http:\/\/informateesquina.com\/index.php?rest_route=%2Fwp%2Fv2%2Fcategories&post=65035"},{"taxonomy":"post_tag","embeddable":true,"href":"http:\/\/informateesquina.com\/index.php?rest_route=%2Fwp%2Fv2%2Ftags&post=65035"}],"curies":[{"name":"wp","href":"https:\/\/api.w.org\/{rel}","templated":true}]}}