{"id":65043,"date":"2025-09-25T09:53:25","date_gmt":"2025-09-25T12:53:25","guid":{"rendered":"https:\/\/informateesquina.com\/?p=65043"},"modified":"2025-09-25T09:53:25","modified_gmt":"2025-09-25T12:53:25","slug":"triple-crimen-el-asesinato-fue-transmitido-por-redes-sociales","status":"publish","type":"post","link":"http:\/\/informateesquina.com\/?p=65043","title":{"rendered":"Triple crimen: el asesinato fue transmitido por redes sociales"},"content":{"rendered":"<div>\n<p class=\"copete\">En ese sentido, se conoci\u00f3 que el narco peruano autor de los homicidios afirm\u00f3: \u201cEsto es lo que les pasa a los que me roban droga\u201d.<\/p>\n<div>\n<div class=\"fotos-y-videos\">\n<div class=\"tab-content\">\n<div id=\"fotos\" class=\"tab-pane fade in active\" role=\"tabpanel\"><a class=\"fotos-desarrollo unlink\" title=\"Triple crimen: el asesinato fue transmitido por redes sociales \" href=\"https:\/\/www.radiosudamericana.com\/notix\/multimedia\/imagenes\/fotos\/2025-09-25\/521857.jpg\"><img loading=\"lazy\" decoding=\"async\" class=\"img-responsive lazyload center-block\" src=\"https:\/\/www.radiosudamericana.com\/notix\/multimedia\/imagenes\/fotos\/2025-09-25\/521857.jpg_nota.jpg\" alt=\"Triple crimen: el asesinato fue transmitido por redes sociales \" width=\"900\" height=\"800\" \/><\/a><\/div>\n<\/div>\n<\/div>\n<div class=\"cuerpo\">\n<p>El femicidio de\u00a0Brenda del Castillo (20), Morena Verdi (20) y Lara Guti\u00e9rrez (15),\u00a0las tres j\u00f3venes que hab\u00edan desaparecido el viernes pasado en La Matanza y fueron halladas asesinadas y descuartizadas en una casa de Florencio Varela; fue transmitido a trav\u00e9s de las redes sociales para un grupo cerrado de personas.<\/p>\n<p>Adem\u00e1s de relatar detalles del triple femicidio, el\u00a0ministro de Seguridad bonaerense, Javier Alonso,\u00a0confirm\u00f3 que el asesinato fue transmitido en vivo a trav\u00e9s de una red social.\u00a0<strong>El video estuvo destinado a un grupo cerrado y por ende, cerca de 45 personas presenciaron en tiempo real el crimen, que fue presentado como un acto de advertencia.<\/strong><\/p>\n<p>&nbsp;<\/p>\n<div><video id=\"video-id-31891\" class=\"video-js vjs-default-skin vjs-16-9 vjs-big-play-centered\" poster=\"https:\/\/www.radiosudamericana.com\/notix\/multimedia\/img_videos\/2025092593848658.jpg\" preload=\"auto\" controls=\"controls\" width=\"640\" height=\"150\" data-setup=\"{}\" data-mce-fragment=\"1\"><\/video><\/div>\n<p>&nbsp;<\/p>\n<p>En di\u00e1logo con\u00a0Todo Noticias, Alonso afirm\u00f3 que el femicidio fue transmitido a trav\u00e9s de Instagram.\u00a0<strong>\u201cS\u00ed,\u00a0para un grupo cerrado. Esto es la informaci\u00f3n que nosotros relevamos en la investigaci\u00f3n.\u00a0Esta es la informaci\u00f3n y que tendr\u00eda que ver con el m\u00f3vil del homicidio, esta persona que es el capo del grupo, en esa sesi\u00f3n dice:\u00a0\u201cEsto le pasa al que me roba droga\u201d.<\/strong><\/p>\n<p>\u201cToda esa sesi\u00f3n de tortura fue transmitida por redes sociales y la habr\u00edan visto 45 personas\u201d, indic\u00f3 el ministro, quien remarc\u00f3 que<strong>\u00a0\u201cfue un hecho de disciplinamiento para las chicas, pero tambi\u00e9n para diferentes integrantes de esa organizaci\u00f3n\u201d.<\/strong><\/p>\n<p>Al ser consultado sobre c\u00f3mo obtuvieron el dato de la transmisi\u00f3n de los femicidios, el ministro de Seguridad bonaerense revel\u00f3 que el dato habr\u00eda sido confesado por uno de los cuatro detenidos. Se tratan de\u00a0Miguel \u00c1ngel Villanueva Silva, de 27 a\u00f1os, y nacionalidad peruana; y los argentinos\u00a0Iara Daniela Ibarra, de 19,\u00a0Andr\u00e9s Maximiliano Parra, de 18, y\u00a0Magal\u00ed Celeste Gonz\u00e1lez Guerrero, de 28, que fueron acusados del delito de homicidio agravado.<\/p>\n<p>&nbsp;<\/p>\n<div><video id=\"video-id-31893\" class=\"video-js vjs-default-skin vjs-16-9 vjs-big-play-centered\" poster=\"https:\/\/www.radiosudamericana.com\/notix\/multimedia\/img_videos\/2025092568488364.jpg\" preload=\"auto\" controls=\"controls\" width=\"640\" height=\"150\" data-setup=\"{}\" data-mce-fragment=\"1\"><\/video><\/div>\n<p>&nbsp;<\/p>\n<p>Sin embargo, Alonso remarc\u00f3 que todav\u00eda estar\u00edan en la b\u00fasqueda de los involucrados. \u201cVamos a escalar para llegar al autor intelectual y otros autores materiales\u201d, apunt\u00f3 al indicar que tambi\u00e9n buscar\u00edan a la persona que se habr\u00eda ganado la confianza de las v\u00edctimas y las habr\u00eda llevado hasta la casa de Florencio Varela.<\/p>\n<p>\u201cLlegan enga\u00f1adas porque cre\u00edan que iban a participar de un evento\u201d, se\u00f1al\u00f3 el ministro, para luego ratificar que se hab\u00eda tratado de un hecho planificado. Pues, seg\u00fan revel\u00f3,\u00a0ese viernes a la tarde un grupo de hombres pertenecientes a la banda narcocriminal hab\u00edan llegado a la vivienda y se habr\u00edan encargado de cavar los pozos, donde ser\u00edan depositados los restos de las j\u00f3venes.<\/p>\n<p>En este sentido, sostuvo que\u00a0\u201cestas chicas fueron v\u00edctimas\u201d, y que todav\u00eda quedar\u00eda pendiente reconstruir c\u00f3mo establecieron la conexi\u00f3n con los integrantes de la banda. Hasta el momento, presuponen que \u201chabr\u00edan entablado alg\u00fan tipo de relaci\u00f3n en la zona de Flores\u201d, debido a que sol\u00edan frecuentar el barrio porte\u00f1o.<\/p>\n<p>Por otro lado, subray\u00f3 que uno de los objetivos principales ser\u00eda dar con el l\u00edder de la organizaci\u00f3n narco, de quien sospechar\u00edan que habr\u00eda sido el autor intelectual. Asimismo, indic\u00f3 que\u00a0\u201ces peruano, de unos 23 a\u00f1os aproximadamente, que est\u00e1 estableci\u00e9ndose como l\u00edder de esta organizaci\u00f3n\u201d.<\/p>\n<p>&nbsp;<\/p>\n<div id=\"leermas\"><\/div>\n<p>&nbsp;<\/p>\n<p>Para dar con su paradero, el mi\u00e9rcoles por la noche se realizaron varios allanamientos en la Villa Zavaleta, en el barrio porte\u00f1o de Barracas, en donde la banda tendr\u00eda su b\u00fanker principal. Incluso, plante\u00f3 que en el lugar habr\u00eda habitado un estimado de 60 personas por la cantidad de viandas de comida que encontraron.<\/p>\n<p>Despu\u00e9s de que apuntara que el aguantadero habr\u00eda sido desalojado \u201ca las apuradas\u201d durante la ma\u00f1ana, tambi\u00e9n confirm\u00f3 que hab\u00edan secuestrado dinero. \u201cEncontramos rollos de billetes envueltos como \u2018tubitos\u2019 con billetes de baja denominaci\u00f3n de 100 y 500 pesos\u201d, precis\u00f3.<\/p>\n<p>\u201cTenemos que dejar un mensaje, esto es muy grave y lo resolvemos todo o no lo resuelve nadie\u201d, subray\u00f3 Alonso al contar que hab\u00eda estado en contacto con la ministra de Seguridad Nacional,\u00a0Patricia Bullrich, quien le hab\u00eda ofrecido su colaboraci\u00f3n. Asimismo, afirm\u00f3 que \u201ctarde o temprano\u201d iban a dar con el paradero de los responsables del triple femicidio.<\/p>\n<p><a class=\"fotos-desarrollo unlink\" title=\"Triple crimen: el asesinato fue transmitido por redes sociales \" href=\"https:\/\/www.radiosudamericana.com\/notix\/multimedia\/imagenes\/fotos\/2025-09-25\/781774.jpg\"><img decoding=\"async\" class=\"img-responsive\" src=\"https:\/\/www.radiosudamericana.com\/notix\/multimedia\/imagenes\/fotos\/2025-09-25\/781774.jpg_nota.jpg\" \/><\/a><\/p>\n<h2><strong>Los detalles mafiosos del triple femicidio<\/strong><\/h2>\n<p>El hallazgo de los cuerpos descuartizados de\u00a0Brenda del Castillo,\u00a0Morena Verdi\u00a0y\u00a0Lara Guti\u00e9rrez\u00a0en una vivienda de\u00a0Florencio Varela\u00a0ha puesto en evidencia la brutalidad de un crimen que, seg\u00fan los primeros resultados de las autopsias, lleva la marca de una organizaci\u00f3n mafiosa vinculada al narcotr\u00e1fico. Los informes preliminares, a los que accedi\u00f3\u00a0Infobae, indican que las tres j\u00f3venes murieron entre las 3:00 y las 5:00 del s\u00e1bado 20 de septiembre, apenas unas horas despu\u00e9s de haber sido vistas por \u00faltima vez cuando sub\u00edan a una camioneta blanca en la rotonda de\u00a0La Tablada.<\/p>\n<p>El caso ha cobrado notoriedad no solo por la violencia ejercida, sino tambi\u00e9n por los detalles que sugieren un mensaje mafioso. En el caso de\u00a0Lara Guti\u00e9rrez, de 15 a\u00f1os, la autopsia revel\u00f3 que le amputaron los cinco dedos de la mano izquierda antes de matarla. Adem\u00e1s, presentaba quemaduras compatibles con cigarrillos, un corte parcial en la oreja izquierda y una herida en el cuello que le seccion\u00f3 la arteria car\u00f3tida.\u00a0Su muerte se produjo tras haber sido sometida a torturas, aproximadamente a las 3:00, seg\u00fan los datos forenses.<\/p>\n<p>En cuanto a\u00a0Brenda del Castillo, los peritos constataron una fractura de cr\u00e1neo que result\u00f3 fatal, junto con un aplastamiento facial y heridas punzocortantes en el cuello.\u00a0El informe forense tambi\u00e9n se\u00f1ala un corte transversal que le abri\u00f3 el abdomen de punta a punta, realizado post mortem. Por su parte,\u00a0Morena Verdi\u00a0presentaba una luxaci\u00f3n cervical y m\u00faltiples golpes en el rostro.<\/p>\n<p>Radio Sudamericana<\/p>\n<\/div>\n<\/div>\n<\/div>\n","protected":false},"excerpt":{"rendered":"<p>En ese sentido, se conoci\u00f3 que el narco peruano autor de los homicidios afirm\u00f3: \u201cEsto es lo que les pasa a los que me roban droga\u201d. El femicidio de\u00a0Brenda del Castillo (20), Morena Verdi (20) y Lara Guti\u00e9rrez (15),\u00a0las tres j\u00f3venes que hab\u00edan desaparecido el viernes pasado en La Matanza y fueron halladas asesinadas y [&hellip;]<\/p>\n","protected":false},"author":3,"featured_media":65044,"comment_status":"open","ping_status":"open","sticky":false,"template":"","format":"standard","meta":{"footnotes":""},"categories":[8],"tags":[],"class_list":["post-65043","post","type-post","status-publish","format-standard","has-post-thumbnail","hentry","category-policiales"],"_links":{"self":[{"href":"http:\/\/informateesquina.com\/index.php?rest_route=\/wp\/v2\/posts\/65043","targetHints":{"allow":["GET"]}}],"collection":[{"href":"http:\/\/informateesquina.com\/index.php?rest_route=\/wp\/v2\/posts"}],"about":[{"href":"http:\/\/informateesquina.com\/index.php?rest_route=\/wp\/v2\/types\/post"}],"author":[{"embeddable":true,"href":"http:\/\/informateesquina.com\/index.php?rest_route=\/wp\/v2\/users\/3"}],"replies":[{"embeddable":true,"href":"http:\/\/informateesquina.com\/index.php?rest_route=%2Fwp%2Fv2%2Fcomments&post=65043"}],"version-history":[{"count":1,"href":"http:\/\/informateesquina.com\/index.php?rest_route=\/wp\/v2\/posts\/65043\/revisions"}],"predecessor-version":[{"id":65045,"href":"http:\/\/informateesquina.com\/index.php?rest_route=\/wp\/v2\/posts\/65043\/revisions\/65045"}],"wp:featuredmedia":[{"embeddable":true,"href":"http:\/\/informateesquina.com\/index.php?rest_route=\/wp\/v2\/media\/65044"}],"wp:attachment":[{"href":"http:\/\/informateesquina.com\/index.php?rest_route=%2Fwp%2Fv2%2Fmedia&parent=65043"}],"wp:term":[{"taxonomy":"category","embeddable":true,"href":"http:\/\/informateesquina.com\/index.php?rest_route=%2Fwp%2Fv2%2Fcategories&post=65043"},{"taxonomy":"post_tag","embeddable":true,"href":"http:\/\/informateesquina.com\/index.php?rest_route=%2Fwp%2Fv2%2Ftags&post=65043"}],"curies":[{"name":"wp","href":"https:\/\/api.w.org\/{rel}","templated":true}]}}