{"id":65046,"date":"2025-09-25T09:57:28","date_gmt":"2025-09-25T12:57:28","guid":{"rendered":"https:\/\/informateesquina.com\/?p=65046"},"modified":"2025-09-25T09:57:28","modified_gmt":"2025-09-25T12:57:28","slug":"don-omar-anuncia-su-retiro-definitivo-tras-25-anos-de-trayectoria-en-el-regueton","status":"publish","type":"post","link":"http:\/\/informateesquina.com\/?p=65046","title":{"rendered":"Don Omar anuncia su retiro definitivo tras 25 a\u00f1os de trayectoria en el reguet\u00f3n"},"content":{"rendered":"<div class=\"fotos-y-videos\">\n<div class=\"tab-content\">\n<div id=\"fotos\" class=\"tab-pane fade in active\" role=\"tabpanel\"><a class=\"fotos-desarrollo unlink\" title=\"Don Omar anuncia su retiro definitivo tras 25 a\u00f1os de trayectoria en el reguet\u00f3n\" href=\"https:\/\/www.radiosudamericana.com\/notix\/multimedia\/imagenes\/fotos\/2025-09-25\/940737.jpg\"><img loading=\"lazy\" decoding=\"async\" class=\"img-responsive lazyload center-block\" src=\"https:\/\/www.radiosudamericana.com\/notix\/multimedia\/imagenes\/fotos\/2025-09-25\/940737.jpg_nota.jpg\" alt=\"Don Omar anuncia su retiro definitivo tras 25 a\u00f1os de trayectoria en el reguet\u00f3n\" width=\"900\" height=\"506\" \/><\/a><\/div>\n<\/div>\n<\/div>\n<p>&nbsp;<\/p>\n<div class=\"cuerpo\">\n<p>Don Omar, considerado una de las voces m\u00e1s imponentes y respetadas de la m\u00fasica urbana, anunci\u00f3 esta semana su retiro definitivo de los escenarios tras 25 a\u00f1os de carrera.<\/p>\n<p>El artista puertorrique\u00f1o, de 47 a\u00f1os, promete cerrar este cap\u00edtulo con un \u00e1lbum recopilatorio de sus mayores \u00e9xitos, un segundo disco con temas in\u00e9ditos y una gira final por varios pa\u00edses, dejando un legado imborrable en la industria musical.<\/p>\n<p><a class=\"fotos-desarrollo unlink\" title=\"Don Omar anuncia su retiro definitivo tras 25 a\u00f1os de trayectoria en el reguet\u00f3n\" href=\"https:\/\/www.radiosudamericana.com\/notix\/multimedia\/imagenes\/fotos\/2025-09-25\/436995.jpg\"><img decoding=\"async\" class=\"img-responsive\" src=\"https:\/\/www.radiosudamericana.com\/notix\/multimedia\/imagenes\/fotos\/2025-09-25\/436995.jpg_nota.jpg\" \/><\/a><\/p>\n<p>\u201cMe gustar\u00eda hacer ese primer disco de \u00e9xitos, preparar un nuevo disco, in\u00e9dito y lanzarlo en 2026\u201d, dijo en una entrevista con\u00a0Telemundo.<\/p>\n<p>Entre los temas que podr\u00edan formar parte de su disco de \u00e9xitos se encuentran cl\u00e1sicos como \u201cDile\u201d y \u201cPobre Diabla\u201d, que marcaron un antes y un despu\u00e9s en el reguet\u00f3n y consolidaron a\u00a0Don Omar\u00a0como un referente del g\u00e9nero.<\/p>\n<p>Adem\u00e1s, el segundo \u00e1lbum incluir\u00eda colaboraciones con artistas contempor\u00e1neos, demostrando que, incluso al cierre de su carrera, sigue apostando por la innovaci\u00f3n y el trabajo conjunto con nuevas generaciones.<\/p>\n<p><a class=\"fotos-desarrollo unlink\" title=\"Don Omar anuncia su retiro definitivo tras 25 a\u00f1os de trayectoria en el reguet\u00f3n\" href=\"https:\/\/www.radiosudamericana.com\/notix\/multimedia\/imagenes\/fotos\/2025-09-25\/769001.jpg\"><img decoding=\"async\" class=\"img-responsive\" src=\"https:\/\/www.radiosudamericana.com\/notix\/multimedia\/imagenes\/fotos\/2025-09-25\/769001.jpg_nota.jpg\" \/><\/a><\/p>\n<p>Asimismo,\u00a0Don Omar\u00a0reflexion\u00f3 sobre el momento en que decidi\u00f3 dar un paso al costado y asegur\u00f3 que que el retiro es un proceso natural en la vida de los artistas.<\/p>\n<p>\u201cDaddy Yankee se retir\u00f3, H\u00e9ctor El Father hoy en d\u00eda tiene su nueva vida. Yo creo que el tiempo va a seguir exigi\u00e9ndonos a cada uno de nosotros\u00a0mirar hacia el momento en el que tenemos que pasar el bat\u00f3n\u201d, expres\u00f3.<\/p>\n<p>El cantante tambi\u00e9n revel\u00f3 que su decisi\u00f3n est\u00e1 influenciada por su etapa personal y por la salud. En junio del a\u00f1o pasado, comparti\u00f3 con sus seguidores que hab\u00eda sido diagnosticado con c\u00e1ncer, un golpe que marc\u00f3 su vida, aunque asegur\u00f3 que, al ser detectado a tiempo y tras la cirug\u00eda, estar\u00eda libre de la enfermedad.<\/p>\n<p>Esta experiencia reforz\u00f3 su deseo de aprovechar el tiempo y cerrar su carrera con dignidad y pasi\u00f3n.<\/p>\n<p>Sin embargo,\u00a0Don Omar\u00a0no planea retirarse sin dejar huella. En sus propias palabras, desea trabajar con artistas j\u00f3venes y mantener vigente su m\u00fasica a trav\u00e9s de la colaboraci\u00f3n.<\/p>\n<p>&nbsp;<\/p>\n<\/div>\n<div>Radio Sudamericana<\/div>\n","protected":false},"excerpt":{"rendered":"<p>&nbsp; Don Omar, considerado una de las voces m\u00e1s imponentes y respetadas de la m\u00fasica urbana, anunci\u00f3 esta semana su retiro definitivo de los escenarios tras 25 a\u00f1os de carrera. El artista puertorrique\u00f1o, de 47 a\u00f1os, promete cerrar este cap\u00edtulo con un \u00e1lbum recopilatorio de sus mayores \u00e9xitos, un segundo disco con temas in\u00e9ditos y [&hellip;]<\/p>\n","protected":false},"author":3,"featured_media":65047,"comment_status":"open","ping_status":"open","sticky":false,"template":"","format":"standard","meta":{"footnotes":""},"categories":[4],"tags":[],"class_list":["post-65046","post","type-post","status-publish","format-standard","has-post-thumbnail","hentry","category-espectaculos"],"_links":{"self":[{"href":"http:\/\/informateesquina.com\/index.php?rest_route=\/wp\/v2\/posts\/65046","targetHints":{"allow":["GET"]}}],"collection":[{"href":"http:\/\/informateesquina.com\/index.php?rest_route=\/wp\/v2\/posts"}],"about":[{"href":"http:\/\/informateesquina.com\/index.php?rest_route=\/wp\/v2\/types\/post"}],"author":[{"embeddable":true,"href":"http:\/\/informateesquina.com\/index.php?rest_route=\/wp\/v2\/users\/3"}],"replies":[{"embeddable":true,"href":"http:\/\/informateesquina.com\/index.php?rest_route=%2Fwp%2Fv2%2Fcomments&post=65046"}],"version-history":[{"count":1,"href":"http:\/\/informateesquina.com\/index.php?rest_route=\/wp\/v2\/posts\/65046\/revisions"}],"predecessor-version":[{"id":65048,"href":"http:\/\/informateesquina.com\/index.php?rest_route=\/wp\/v2\/posts\/65046\/revisions\/65048"}],"wp:featuredmedia":[{"embeddable":true,"href":"http:\/\/informateesquina.com\/index.php?rest_route=\/wp\/v2\/media\/65047"}],"wp:attachment":[{"href":"http:\/\/informateesquina.com\/index.php?rest_route=%2Fwp%2Fv2%2Fmedia&parent=65046"}],"wp:term":[{"taxonomy":"category","embeddable":true,"href":"http:\/\/informateesquina.com\/index.php?rest_route=%2Fwp%2Fv2%2Fcategories&post=65046"},{"taxonomy":"post_tag","embeddable":true,"href":"http:\/\/informateesquina.com\/index.php?rest_route=%2Fwp%2Fv2%2Ftags&post=65046"}],"curies":[{"name":"wp","href":"https:\/\/api.w.org\/{rel}","templated":true}]}}