{"id":65049,"date":"2025-09-25T10:01:30","date_gmt":"2025-09-25T13:01:30","guid":{"rendered":"https:\/\/informateesquina.com\/?p=65049"},"modified":"2025-09-25T10:01:30","modified_gmt":"2025-09-25T13:01:30","slug":"gallardo-tras-la-eliminacion-de-river-el-arbitro-no-supo-manejar-el-partido","status":"publish","type":"post","link":"http:\/\/informateesquina.com\/?p=65049","title":{"rendered":"Gallardo, tras la eliminaci\u00f3n de River: &#8220;El \u00e1rbitro no supo manejar el partido&#8221;"},"content":{"rendered":"<header>\n<div>\n<div>\n<p>River qued\u00f3 afuera de la Copa Libertadores 2025 tras caer 3-1 frente a Palmeiras en el Allianz Parque, y Marcelo Gallardo no escondi\u00f3 su bronca en la conferencia de prensa. Si bien fue autocr\u00edtico con el rendimiento de su equipo en los minutos finales, apunt\u00f3 de lleno contra el arbitraje del uruguayo Andr\u00e9s Matonte.<\/p>\n<\/div>\n<div class=\"meta\"><time>25 de Septiembre, 2025<\/time><\/div>\n<\/div>\n<\/header>\n<section class=\"body\">\n<section class=\"content\">\n<div class=\"main-text\">\n<div class=\"social\">\n<div class=\"share\"><\/div>\n<\/div>\n<p>&#8220;Jugamos un buen partido en la primera mitad, tuvimos chances para ganarlo, pero nos empatan y en los \u00faltimos cinco minutos cometimos desconcentraciones que se pagan caro. Eso no me gust\u00f3 nada&#8221;, analiz\u00f3 el DT.<\/p>\n<p>Luego, se refiri\u00f3 a las pol\u00e9micas: &#8220;El \u00e1rbitro cobra algo que no ve y no supo manejar el partido. Hab\u00eda un jugador de ellos tirado cuando reanudan el juego. En el primer tiempo llevaba bien el partido, pero despu\u00e9s de las presiones que sinti\u00f3 en el entretiempo, cambi\u00f3 la cosa&#8221;.<\/p>\n<div class=\" original m_image\">\n<figure><picture><source srcset=\"https:\/\/www.diarioepoca.com\/content\/bucket\/4\/1450314w663h413c.jpg.webp\" type=\"image\/webp\" media=\"(min-width: 640px)\" \/><source srcset=\"https:\/\/www.diarioepoca.com\/content\/bucket\/4\/1450314w440h274c.jpg.webp\" type=\"image\/webp\" media=\"(min-width: 300px)\" \/><source srcset=\"https:\/\/www.diarioepoca.com\/content\/bucket\/4\/1450314w663h413c.jpg\" media=\"(min-width: 300px)\" \/><img loading=\"lazy\" decoding=\"async\" class=\"pic\" src=\"https:\/\/www.diarioepoca.com\/content\/bucket\/4\/1450314w663h413c.jpg.webp\" alt=\"\" width=\"663\" height=\"413\" \/><\/picture><\/figure>\n<\/div>\n<p><strong>Lo que se viene para River<\/strong><\/p>\n<p>Con la eliminaci\u00f3n consumada, el Millonario deber\u00e1 dar vuelta la p\u00e1gina r\u00e1pido. El pr\u00f3ximo domingo recibir\u00e1 a Deportivo Riestra por la fecha 10 del Torneo Clausura, y el jueves 2 de octubre jugar\u00e1 ante Racing por los cuartos de final de la Copa Argentina.<\/p>\n<p>Gallardo lo dej\u00f3 claro: &#8220;La obligaci\u00f3n est\u00e1 siempre. Pasando la bronca, habr\u00e1 que focalizarnos en lo que viene. Tenemos que convertirnos en un equipo m\u00e1s fuerte para poder ganar esta clase de partidos. No estuvimos lejos ante un rival serio candidato, pero en los detalles tenemos que evolucionar y aprender&#8221;<\/p>\n<p>\u00c9POCA<\/p>\n<\/div>\n<\/section>\n<\/section>\n","protected":false},"excerpt":{"rendered":"<p>River qued\u00f3 afuera de la Copa Libertadores 2025 tras caer 3-1 frente a Palmeiras en el Allianz Parque, y Marcelo Gallardo no escondi\u00f3 su bronca en la conferencia de prensa. Si bien fue autocr\u00edtico con el rendimiento de su equipo en los minutos finales, apunt\u00f3 de lleno contra el arbitraje del uruguayo Andr\u00e9s Matonte. 25 [&hellip;]<\/p>\n","protected":false},"author":3,"featured_media":65050,"comment_status":"open","ping_status":"open","sticky":false,"template":"","format":"standard","meta":{"footnotes":""},"categories":[3],"tags":[],"class_list":["post-65049","post","type-post","status-publish","format-standard","has-post-thumbnail","hentry","category-deportes"],"_links":{"self":[{"href":"http:\/\/informateesquina.com\/index.php?rest_route=\/wp\/v2\/posts\/65049","targetHints":{"allow":["GET"]}}],"collection":[{"href":"http:\/\/informateesquina.com\/index.php?rest_route=\/wp\/v2\/posts"}],"about":[{"href":"http:\/\/informateesquina.com\/index.php?rest_route=\/wp\/v2\/types\/post"}],"author":[{"embeddable":true,"href":"http:\/\/informateesquina.com\/index.php?rest_route=\/wp\/v2\/users\/3"}],"replies":[{"embeddable":true,"href":"http:\/\/informateesquina.com\/index.php?rest_route=%2Fwp%2Fv2%2Fcomments&post=65049"}],"version-history":[{"count":1,"href":"http:\/\/informateesquina.com\/index.php?rest_route=\/wp\/v2\/posts\/65049\/revisions"}],"predecessor-version":[{"id":65051,"href":"http:\/\/informateesquina.com\/index.php?rest_route=\/wp\/v2\/posts\/65049\/revisions\/65051"}],"wp:featuredmedia":[{"embeddable":true,"href":"http:\/\/informateesquina.com\/index.php?rest_route=\/wp\/v2\/media\/65050"}],"wp:attachment":[{"href":"http:\/\/informateesquina.com\/index.php?rest_route=%2Fwp%2Fv2%2Fmedia&parent=65049"}],"wp:term":[{"taxonomy":"category","embeddable":true,"href":"http:\/\/informateesquina.com\/index.php?rest_route=%2Fwp%2Fv2%2Fcategories&post=65049"},{"taxonomy":"post_tag","embeddable":true,"href":"http:\/\/informateesquina.com\/index.php?rest_route=%2Fwp%2Fv2%2Ftags&post=65049"}],"curies":[{"name":"wp","href":"https:\/\/api.w.org\/{rel}","templated":true}]}}