{"id":65052,"date":"2025-09-25T18:35:41","date_gmt":"2025-09-25T21:35:41","guid":{"rendered":"https:\/\/informateesquina.com\/?p=65052"},"modified":"2025-09-25T18:35:41","modified_gmt":"2025-09-25T21:35:41","slug":"paralisis-del-cronograma-de-campana-de-milei-ajustes-a-la-espera-de-su-regreso","status":"publish","type":"post","link":"http:\/\/informateesquina.com\/?p=65052","title":{"rendered":"Par\u00e1lisis del cronograma de campa\u00f1a de Milei: ajustes a la espera de su regreso"},"content":{"rendered":"<header>\n<div>\n<div>\n<p>Las actividades de campa\u00f1a se reanudar\u00e1n despu\u00e9s del regreso de Milei, con un cronograma ajustado para reactivar los armados provinciales y consolidar el apoyo en menos de cinco semanas, de cara a las elecciones generales.<\/p>\n<\/div>\n<div class=\"meta\"><time>25 de Septiembre, 2025<\/time><\/div>\n<\/div>\n<\/header>\n<section class=\"body\">\n<section class=\"content\">\n<figure class=\"big-column\"><picture><source srcset=\"https:\/\/www.diarioepoca.com\/content\/bucket\/0\/1450330w850h502c.png.webp\" type=\"image\/webp\" media=\"(min-width: 640px)\" \/><source srcset=\"https:\/\/www.diarioepoca.com\/content\/bucket\/0\/1450330w480h284c.png.webp\" type=\"image\/webp\" media=\"(min-width: 300px)\" \/><source srcset=\"https:\/\/www.diarioepoca.com\/content\/bucket\/0\/1450330w850h502c.png\" media=\"(min-width: 300px)\" \/><img loading=\"lazy\" decoding=\"async\" class=\"pic\" src=\"https:\/\/www.diarioepoca.com\/content\/bucket\/0\/1450330w850h502c.png.webp\" alt=\"\" width=\"850\" height=\"502\" \/><\/picture><\/figure>\n<div class=\"main-text\">\n<div class=\"social\">\n<div class=\"share\"><\/div>\n<\/div>\n<p>El cronograma de campa\u00f1a de Javier Milei se encuentra en pausa y no ser\u00e1 ratificado hasta el 26 de septiembre, cuando regrese de su gira en Estados Unidos. La paralizaci\u00f3n se debe a la necesidad de recalibrar las actividades de campa\u00f1a tras las expectativas generadas por el respaldo de la Casa Blanca.<\/p>\n<p>Seg\u00fan fuentes cercanas a La Libertad Avanza, el principal objetivo ser\u00e1 recuperar el apoyo de los votantes libertarios, especialmente aquellos que se sienten desencantados o que podr\u00edan abstenerse de votar. Se apunta a reforzar la presencia en distritos clave, como aquellos con gran caudal electoral y donde se eligen senadores nacionales.<\/p>\n<p>La campa\u00f1a tambi\u00e9n enfrenta un reto de imagen, tras los pol\u00e9micos audios de Diego Spagnuolo que afectaron la figura de Milei como l\u00edder &#8220;anticasta&#8221;. Se busca restaurar el &#8220;sentimiento de esperanza&#8221; que inicialmente lo posicion\u00f3 como un referente de cambio, particularmente en provincias como Buenos Aires, donde la movilizaci\u00f3n del peronismo impact\u00f3 a los votantes libertarios.<\/p>\n<p>Por su parte, I\u00f1aki Guti\u00e9rrez, cercano a Milei, fue uno de los pocos autorizados a recorrer provincias. Ya visit\u00f3 Santiago del Estero y Santa Cruz, y pr\u00f3ximamente viajar\u00e1 a Entre R\u00edos. Mientras tanto, se mencionan varios destinos para las futuras visitas de Milei: Rosario (Santa Fe), donde se fortalecer\u00e1 la campa\u00f1a de Agust\u00edn Pellegrini, Tierra del Fuego con Agust\u00edn Coto, y las provincias patag\u00f3nicas como R\u00edo Negro y Neuqu\u00e9n, debido a la elecci\u00f3n de senadores nacionales.<\/p>\n<div class=\"content-tags floatFix\"><label><i class=\"fas fa-hashtag\">\u00a0<\/i> \u00c9POCA<\/label><\/div>\n<\/div>\n<\/section>\n<\/section>\n","protected":false},"excerpt":{"rendered":"<p>Las actividades de campa\u00f1a se reanudar\u00e1n despu\u00e9s del regreso de Milei, con un cronograma ajustado para reactivar los armados provinciales y consolidar el apoyo en menos de cinco semanas, de cara a las elecciones generales. 25 de Septiembre, 2025 El cronograma de campa\u00f1a de Javier Milei se encuentra en pausa y no ser\u00e1 ratificado hasta [&hellip;]<\/p>\n","protected":false},"author":3,"featured_media":65053,"comment_status":"open","ping_status":"open","sticky":false,"template":"","format":"standard","meta":{"footnotes":""},"categories":[9],"tags":[],"class_list":["post-65052","post","type-post","status-publish","format-standard","has-post-thumbnail","hentry","category-politica"],"_links":{"self":[{"href":"http:\/\/informateesquina.com\/index.php?rest_route=\/wp\/v2\/posts\/65052","targetHints":{"allow":["GET"]}}],"collection":[{"href":"http:\/\/informateesquina.com\/index.php?rest_route=\/wp\/v2\/posts"}],"about":[{"href":"http:\/\/informateesquina.com\/index.php?rest_route=\/wp\/v2\/types\/post"}],"author":[{"embeddable":true,"href":"http:\/\/informateesquina.com\/index.php?rest_route=\/wp\/v2\/users\/3"}],"replies":[{"embeddable":true,"href":"http:\/\/informateesquina.com\/index.php?rest_route=%2Fwp%2Fv2%2Fcomments&post=65052"}],"version-history":[{"count":1,"href":"http:\/\/informateesquina.com\/index.php?rest_route=\/wp\/v2\/posts\/65052\/revisions"}],"predecessor-version":[{"id":65054,"href":"http:\/\/informateesquina.com\/index.php?rest_route=\/wp\/v2\/posts\/65052\/revisions\/65054"}],"wp:featuredmedia":[{"embeddable":true,"href":"http:\/\/informateesquina.com\/index.php?rest_route=\/wp\/v2\/media\/65053"}],"wp:attachment":[{"href":"http:\/\/informateesquina.com\/index.php?rest_route=%2Fwp%2Fv2%2Fmedia&parent=65052"}],"wp:term":[{"taxonomy":"category","embeddable":true,"href":"http:\/\/informateesquina.com\/index.php?rest_route=%2Fwp%2Fv2%2Fcategories&post=65052"},{"taxonomy":"post_tag","embeddable":true,"href":"http:\/\/informateesquina.com\/index.php?rest_route=%2Fwp%2Fv2%2Ftags&post=65052"}],"curies":[{"name":"wp","href":"https:\/\/api.w.org\/{rel}","templated":true}]}}