{"id":65055,"date":"2025-09-25T19:21:44","date_gmt":"2025-09-25T22:21:44","guid":{"rendered":"https:\/\/informateesquina.com\/?p=65055"},"modified":"2025-09-25T19:21:44","modified_gmt":"2025-09-25T22:21:44","slug":"la-pobreza-bajo-a-316-y-afecto-a-15-millones-de-personas-en-el-primer-semestre","status":"publish","type":"post","link":"http:\/\/informateesquina.com\/?p=65055","title":{"rendered":"La pobreza baj\u00f3 a 31,6% y afect\u00f3 a 15 millones de personas en el primer semestre"},"content":{"rendered":"<header>\n<div>\n<div>\n<p>El INDEC report\u00f3 una baja de 6,5 puntos en relaci\u00f3n con los \u00faltimos seis meses de 2024 y una fuerte ca\u00edda con respecto al mismo per\u00edodo del a\u00f1o pasado, que hab\u00eda sido de 52,9%. La indigencia lleg\u00f3 a 6,9%.<\/p>\n<\/div>\n<div class=\"meta\"><time>25 de Septiembre, 2025<\/time><\/div>\n<\/div>\n<\/header>\n<section class=\"body\">\n<section class=\"content\">\n<div class=\"main-text\">\n<div class=\"social\">\n<div class=\"share\"><\/div>\n<\/div>\n<div class=\" large m_image\">\n<figure><picture><source srcset=\"https:\/\/www.diarioepoca.com\/content\/bucket\/4\/1407514w790h444c.jpg.webp\" type=\"image\/webp\" media=\"(min-width: 640px)\" \/><source srcset=\"https:\/\/www.diarioepoca.com\/content\/bucket\/4\/1407514w440h247c.jpg.webp\" type=\"image\/webp\" media=\"(min-width: 300px)\" \/><source srcset=\"https:\/\/www.diarioepoca.com\/content\/bucket\/4\/1407514w790h444c.jpg\" media=\"(min-width: 300px)\" \/><img loading=\"lazy\" decoding=\"async\" class=\"pic\" src=\"https:\/\/www.diarioepoca.com\/content\/bucket\/4\/1407514w790h444c.jpg.webp\" alt=\"\" width=\"790\" height=\"444\" \/><\/picture><\/figure>\n<\/div>\n<p>La pobreza lleg\u00f3 al 31,6% en el primer semestre de 2025 en la Argentina, seg\u00fan public\u00f3 este jueves el Instituto Nacional de Estad\u00edstica y Censos (INDEC).<\/p>\n<p>De esta manera, el nivel de pobreza baj\u00f3 6,5 puntos porcentuales con respecto a los \u00faltimos seis meses de 2024 y afect\u00f3 a cerca de 15 millones de personas.<\/p>\n<p>Asimismo, el informe oficial revel\u00f3 que el nivel de indigencia alcanz\u00f3 el 6,9% e impact\u00f3 sobre 3,2 millones de personas.<\/p>\n<p>A comienzos del gobierno de Javier Milei, la pobreza hab\u00eda sido de 52,9% y hab\u00eda alcanzado a casi 25 millones de ciudadanos en el primer semestre de 2024.<\/p>\n<p>\u00c9POCA<\/p>\n<\/div>\n<\/section>\n<\/section>\n","protected":false},"excerpt":{"rendered":"<p>El INDEC report\u00f3 una baja de 6,5 puntos en relaci\u00f3n con los \u00faltimos seis meses de 2024 y una fuerte ca\u00edda con respecto al mismo per\u00edodo del a\u00f1o pasado, que hab\u00eda sido de 52,9%. La indigencia lleg\u00f3 a 6,9%. 25 de Septiembre, 2025 La pobreza lleg\u00f3 al 31,6% en el primer semestre de 2025 en [&hellip;]<\/p>\n","protected":false},"author":3,"featured_media":65056,"comment_status":"open","ping_status":"open","sticky":false,"template":"","format":"standard","meta":{"footnotes":""},"categories":[9],"tags":[],"class_list":["post-65055","post","type-post","status-publish","format-standard","has-post-thumbnail","hentry","category-politica"],"_links":{"self":[{"href":"http:\/\/informateesquina.com\/index.php?rest_route=\/wp\/v2\/posts\/65055","targetHints":{"allow":["GET"]}}],"collection":[{"href":"http:\/\/informateesquina.com\/index.php?rest_route=\/wp\/v2\/posts"}],"about":[{"href":"http:\/\/informateesquina.com\/index.php?rest_route=\/wp\/v2\/types\/post"}],"author":[{"embeddable":true,"href":"http:\/\/informateesquina.com\/index.php?rest_route=\/wp\/v2\/users\/3"}],"replies":[{"embeddable":true,"href":"http:\/\/informateesquina.com\/index.php?rest_route=%2Fwp%2Fv2%2Fcomments&post=65055"}],"version-history":[{"count":1,"href":"http:\/\/informateesquina.com\/index.php?rest_route=\/wp\/v2\/posts\/65055\/revisions"}],"predecessor-version":[{"id":65057,"href":"http:\/\/informateesquina.com\/index.php?rest_route=\/wp\/v2\/posts\/65055\/revisions\/65057"}],"wp:featuredmedia":[{"embeddable":true,"href":"http:\/\/informateesquina.com\/index.php?rest_route=\/wp\/v2\/media\/65056"}],"wp:attachment":[{"href":"http:\/\/informateesquina.com\/index.php?rest_route=%2Fwp%2Fv2%2Fmedia&parent=65055"}],"wp:term":[{"taxonomy":"category","embeddable":true,"href":"http:\/\/informateesquina.com\/index.php?rest_route=%2Fwp%2Fv2%2Fcategories&post=65055"},{"taxonomy":"post_tag","embeddable":true,"href":"http:\/\/informateesquina.com\/index.php?rest_route=%2Fwp%2Fv2%2Ftags&post=65055"}],"curies":[{"name":"wp","href":"https:\/\/api.w.org\/{rel}","templated":true}]}}