{"id":65058,"date":"2025-09-26T10:29:01","date_gmt":"2025-09-26T13:29:01","guid":{"rendered":"https:\/\/informateesquina.com\/?p=65058"},"modified":"2025-09-26T10:29:01","modified_gmt":"2025-09-26T13:29:01","slug":"valdes-sobre-la-ley-de-narcomenudeo-aunque-no-esten-de-acuerdo-tienen-que-aplicarla","status":"publish","type":"post","link":"http:\/\/informateesquina.com\/?p=65058","title":{"rendered":"Vald\u00e9s sobre la ley de narcomenudeo: &#8220;Aunque no est\u00e9n de acuerdo, tienen que aplicarla&#8221;"},"content":{"rendered":"<header>\n<div>\n<div><\/div>\n<\/div>\n<\/header>\n<section class=\"body\">\n<section class=\"content\">\n<div class=\"main-text\">\n<p>&nbsp;<\/p>\n<header>\n<div>\n<div>\n<p>En la apertura de las XXX Jornadas de Derecho Civil en Corrientes, el gobernador Gustavo Vald\u00e9s respondi\u00f3 a cr\u00edticas judiciales sobre la ley de narcomenudeo y pidi\u00f3 que se aplique. El juez de la Corte Suprema llam\u00f3 a un abordaje integral y coordinado del narcotr\u00e1fico.<\/p>\n<\/div>\n<div class=\"meta\"><time>26 de Septiembre, 2025<\/time><\/div>\n<\/div>\n<\/header>\n<section class=\"body\">\n<section class=\"content\">\n<div class=\"main-text\">\n<div class=\"social\">\n<div class=\"share\"><\/div>\n<\/div>\n<p>&#8220;El Poder Judicial tiene que aplicar la ley. La sanci\u00f3n corresponde\u00a0 la Legislatura de la Provincia, es una iniciativa del Poder Ejecutivo. M\u00e1s all\u00e1 de estar de acuerdo o no, tienen que aplicarla&#8221;, respondi\u00f3 el gobernador Gustavo Vald\u00e9s cuando los periodistas lo abordaron minutos antes del acto de apertura de las XXX Jornadas de Derecho Civil que se celebran en Corrientes.<\/p>\n<div class=\"center medium m_image\">\n<figure><picture><source srcset=\"https:\/\/www.radiodos.com.ar\/content\/bucket\/2\/272122w380h223c.jpg.webp\" type=\"image\/webp\" media=\"(min-width: 640px)\" \/><source srcset=\"https:\/\/www.radiodos.com.ar\/content\/bucket\/2\/272122w440h258c.jpg.webp\" type=\"image\/webp\" media=\"(min-width: 300px)\" \/><source srcset=\"https:\/\/www.radiodos.com.ar\/content\/bucket\/2\/272122w380h223c.jpg\" media=\"(min-width: 300px)\" \/><img loading=\"lazy\" decoding=\"async\" class=\"pic\" src=\"https:\/\/www.radiodos.com.ar\/content\/bucket\/2\/272122w380h223c.jpg.webp\" alt=\"\" width=\"380\" height=\"223\" \/><\/picture><\/figure>\n<\/div>\n<p>Como se trata de un tema caliente en la provincia, los periodistas aprovecharon la presencia del ministro de la Corte Suprema de Justicia de la Naci\u00f3n, Ricardo Lorenzetti, para conocer su opini\u00f3n. El magistrado evit\u00f3 confrontar, reconoci\u00f3 que hay distritos que avanzaron en provincializar el combate de la venta minorista de drogas y otros que no, pero resumi\u00f3: &#8220;Hay que afrontar el narcotr\u00e1fico de forma integral y en cooperaci\u00f3n con los organismos federales y entre las propias provincias&#8221;.<\/p>\n<p>Las declaraciones de Vald\u00e9s fueron una respuesta a la difusi\u00f3n de la postura cr\u00edtica de jueces, fiscales y funcionarios judiciales provinciales y federales que expusieron ante la C\u00e1mara de Diputados de la provincia, donde sigue trabada la sanci\u00f3n definitiva de la norma impulsada por el Ejecutivo y que ya cuenta con media sanci\u00f3n del Senado.<\/p>\n<p>Esa reuni\u00f3n se realiz\u00f3 en el Palacio Legislativo el martes 24 y cont\u00f3 con la participaci\u00f3n de ministros del Superior Tribunal de Justicia, jueces, fiscales y representantes de juzgados federales con asiento en la capital. All\u00ed, el presidente del Colegio de Magistrados y Funcionarios Judiciales de la Provincia, Diego N\u00fa\u00f1ez Huel, sostuvo: &#8220;Nuestra posici\u00f3n es contraria a la ley&#8221;, argumentando problemas presupuestarios y recordando que la reforma del C\u00f3digo Procesal Penal no recibi\u00f3 la &#8220;inyecci\u00f3n presupuestaria necesaria&#8221;. &#8220;Con escaso presupuesto, la Justicia correntina deber\u00eda hacer frente a estos delitos que son entre el 60% y 70% de las causas narco&#8221;.<\/p>\n<p>Para C\u00e9sar Sotelo, fiscal general del Superior Tribunal de Justicia, los recursos econ\u00f3micos deber\u00edan provenir del Estado nacional. Record\u00f3 que en acuerdos anteriores la Naci\u00f3n nunca cumpli\u00f3 con lo pautado. &#8220;No nos van a dar ni para un chicle Bazooka&#8221;, apunt\u00f3, y agreg\u00f3 que la pelea no ser\u00e1 contra el kiosquero, sino contra las grandes bandas criminales.<\/p>\n<p>Por su parte, el especialista en derecho penal del Superior Tribunal de Justicia, Eduardo Panseri, se\u00f1al\u00f3 que el texto en debate tiene fallas, ya que habilita a un fiscal a ordenar un allanamiento, &#8220;lo que es inconstitucional porque solo un juez est\u00e1 habilitado&#8221;.<\/p>\n<p>Panseri, al igual que su colega Alejandro Cha\u00edn y N\u00fa\u00f1ez Huel, critic\u00f3 tambi\u00e9n la falta de previsi\u00f3n presupuestaria para instrumentar la legislaci\u00f3n y la insuficiente infraestructura carcelaria para albergar a los potenciales detenidos que podr\u00eda generar la aplicaci\u00f3n de la norma, todav\u00eda en discusi\u00f3n en la Legislatura, que entre las vacaciones de invierno, el proceso electoral provincial y la campa\u00f1a nacional sigue sin sesionar.<\/p>\n<p>Radio Dos<\/p>\n<\/div>\n<\/section>\n<\/section>\n<\/div>\n<\/section>\n<\/section>\n","protected":false},"excerpt":{"rendered":"<p>&nbsp; En la apertura de las XXX Jornadas de Derecho Civil en Corrientes, el gobernador Gustavo Vald\u00e9s respondi\u00f3 a cr\u00edticas judiciales sobre la ley de narcomenudeo y pidi\u00f3 que se aplique. El juez de la Corte Suprema llam\u00f3 a un abordaje integral y coordinado del narcotr\u00e1fico. 26 de Septiembre, 2025 &#8220;El Poder Judicial tiene que [&hellip;]<\/p>\n","protected":false},"author":3,"featured_media":65059,"comment_status":"open","ping_status":"open","sticky":false,"template":"","format":"standard","meta":{"footnotes":""},"categories":[9],"tags":[],"class_list":["post-65058","post","type-post","status-publish","format-standard","has-post-thumbnail","hentry","category-politica"],"_links":{"self":[{"href":"http:\/\/informateesquina.com\/index.php?rest_route=\/wp\/v2\/posts\/65058","targetHints":{"allow":["GET"]}}],"collection":[{"href":"http:\/\/informateesquina.com\/index.php?rest_route=\/wp\/v2\/posts"}],"about":[{"href":"http:\/\/informateesquina.com\/index.php?rest_route=\/wp\/v2\/types\/post"}],"author":[{"embeddable":true,"href":"http:\/\/informateesquina.com\/index.php?rest_route=\/wp\/v2\/users\/3"}],"replies":[{"embeddable":true,"href":"http:\/\/informateesquina.com\/index.php?rest_route=%2Fwp%2Fv2%2Fcomments&post=65058"}],"version-history":[{"count":1,"href":"http:\/\/informateesquina.com\/index.php?rest_route=\/wp\/v2\/posts\/65058\/revisions"}],"predecessor-version":[{"id":65060,"href":"http:\/\/informateesquina.com\/index.php?rest_route=\/wp\/v2\/posts\/65058\/revisions\/65060"}],"wp:featuredmedia":[{"embeddable":true,"href":"http:\/\/informateesquina.com\/index.php?rest_route=\/wp\/v2\/media\/65059"}],"wp:attachment":[{"href":"http:\/\/informateesquina.com\/index.php?rest_route=%2Fwp%2Fv2%2Fmedia&parent=65058"}],"wp:term":[{"taxonomy":"category","embeddable":true,"href":"http:\/\/informateesquina.com\/index.php?rest_route=%2Fwp%2Fv2%2Fcategories&post=65058"},{"taxonomy":"post_tag","embeddable":true,"href":"http:\/\/informateesquina.com\/index.php?rest_route=%2Fwp%2Fv2%2Ftags&post=65058"}],"curies":[{"name":"wp","href":"https:\/\/api.w.org\/{rel}","templated":true}]}}