{"id":65062,"date":"2025-09-26T22:12:29","date_gmt":"2025-09-27T01:12:29","guid":{"rendered":"https:\/\/informateesquina.com\/?p=65062"},"modified":"2025-09-26T22:12:29","modified_gmt":"2025-09-27T01:12:29","slug":"el-tierno-festejo-de-genaro-un-nene-de-5-anos-eligio-las-islas-malvinas-como-tematica-de-su-cumpleanos","status":"publish","type":"post","link":"http:\/\/informateesquina.com\/?p=65062","title":{"rendered":"El tierno festejo de Genaro: un nene de 5 a\u00f1os eligi\u00f3 las Islas Malvinas como tem\u00e1tica de su cumplea\u00f1os"},"content":{"rendered":"<p data-start=\"439\" data-end=\"698\">El fanatismo del peque\u00f1o por la causa Malvinas naci\u00f3 tras una actividad escolar del 2 de abril en el jard\u00edn de infantes. Desde ese d\u00eda, repite con convicci\u00f3n que <em data-start=\"601\" data-end=\"632\">\u201clas Malvinas son argentinas\u201d<\/em> y busca informaci\u00f3n en dibujos animados, documentales y series.<\/p>\n<p data-start=\"700\" data-end=\"974\">Cuando su madre le propuso tem\u00e1ticas infantiles cl\u00e1sicas, Genaro no dud\u00f3: <em data-start=\"774\" data-end=\"807\">\u201cNo, no, de las Islas Malvinas\u201d<\/em>. Ante esa decisi\u00f3n, su t\u00eda se contact\u00f3 con tres veteranos de guerra \u2014Sergio Moreno, Juan Carlos Lagos y Miguel Vega\u2014 quienes aceptaron participar de la celebraci\u00f3n.<\/p>\n<p data-start=\"976\" data-end=\"1143\">El momento m\u00e1s emotivo lleg\u00f3 cuando los excombatientes entraron a la fiesta por sorpresa. Genaro los recibi\u00f3 con un fuerte abrazo y dijo que era \u201cun sue\u00f1o cumplido\u201d.<\/p>\n<p data-start=\"1145\" data-end=\"1306\">Los veteranos, visiblemente emocionados, destacaron que el entusiasmo del ni\u00f1o es una muestra de que la causa Malvinas seguir\u00e1 viva en las nuevas generaciones.<\/p>\n<p data-start=\"1145\" data-end=\"1306\"><img loading=\"lazy\" decoding=\"async\" class=\"alignnone size-medium wp-image-65063\" src=\"http:\/\/informateesquina.com\/wp-content\/uploads\/2025\/09\/555952813_122143219550860770_2939209212023889267_n-269x300.jpg\" alt=\"\" width=\"269\" height=\"300\" srcset=\"http:\/\/informateesquina.com\/wp-content\/uploads\/2025\/09\/555952813_122143219550860770_2939209212023889267_n-269x300.jpg 269w, http:\/\/informateesquina.com\/wp-content\/uploads\/2025\/09\/555952813_122143219550860770_2939209212023889267_n.jpg 724w\" sizes=\"auto, (max-width: 269px) 100vw, 269px\" \/> <img loading=\"lazy\" decoding=\"async\" class=\"alignnone size-medium wp-image-65064\" src=\"http:\/\/informateesquina.com\/wp-content\/uploads\/2025\/09\/555907138_122143219598860770_4197960382059858993_n-300x168.jpg\" alt=\"\" width=\"300\" height=\"168\" srcset=\"http:\/\/informateesquina.com\/wp-content\/uploads\/2025\/09\/555907138_122143219598860770_4197960382059858993_n-300x168.jpg 300w, http:\/\/informateesquina.com\/wp-content\/uploads\/2025\/09\/555907138_122143219598860770_4197960382059858993_n-1024x574.jpg 1024w, http:\/\/informateesquina.com\/wp-content\/uploads\/2025\/09\/555907138_122143219598860770_4197960382059858993_n-768x430.jpg 768w, http:\/\/informateesquina.com\/wp-content\/uploads\/2025\/09\/555907138_122143219598860770_4197960382059858993_n-750x420.jpg 750w, http:\/\/informateesquina.com\/wp-content\/uploads\/2025\/09\/555907138_122143219598860770_4197960382059858993_n-1140x639.jpg 1140w, http:\/\/informateesquina.com\/wp-content\/uploads\/2025\/09\/555907138_122143219598860770_4197960382059858993_n.jpg 1440w\" sizes=\"auto, (max-width: 300px) 100vw, 300px\" \/> <img loading=\"lazy\" decoding=\"async\" class=\"alignnone size-medium wp-image-65065\" src=\"http:\/\/informateesquina.com\/wp-content\/uploads\/2025\/09\/554984872_122143219466860770_870895808438470147_n-300x223.jpg\" alt=\"\" width=\"300\" height=\"223\" srcset=\"http:\/\/informateesquina.com\/wp-content\/uploads\/2025\/09\/554984872_122143219466860770_870895808438470147_n-300x223.jpg 300w, http:\/\/informateesquina.com\/wp-content\/uploads\/2025\/09\/554984872_122143219466860770_870895808438470147_n.jpg 512w\" sizes=\"auto, (max-width: 300px) 100vw, 300px\" \/><\/p>\n","protected":false},"excerpt":{"rendered":"<p>El fanatismo del peque\u00f1o por la causa Malvinas naci\u00f3 tras una actividad escolar del 2 de abril en el jard\u00edn de infantes. Desde ese d\u00eda, repite con convicci\u00f3n que \u201clas Malvinas son argentinas\u201d y busca informaci\u00f3n en dibujos animados, documentales y series. Cuando su madre le propuso tem\u00e1ticas infantiles cl\u00e1sicas, Genaro no dud\u00f3: \u201cNo, no, [&hellip;]<\/p>\n","protected":false},"author":3,"featured_media":65063,"comment_status":"open","ping_status":"open","sticky":false,"template":"","format":"standard","meta":{"footnotes":""},"categories":[6,11],"tags":[],"class_list":["post-65062","post","type-post","status-publish","format-standard","has-post-thumbnail","hentry","category-locales","category-sociedad"],"_links":{"self":[{"href":"http:\/\/informateesquina.com\/index.php?rest_route=\/wp\/v2\/posts\/65062","targetHints":{"allow":["GET"]}}],"collection":[{"href":"http:\/\/informateesquina.com\/index.php?rest_route=\/wp\/v2\/posts"}],"about":[{"href":"http:\/\/informateesquina.com\/index.php?rest_route=\/wp\/v2\/types\/post"}],"author":[{"embeddable":true,"href":"http:\/\/informateesquina.com\/index.php?rest_route=\/wp\/v2\/users\/3"}],"replies":[{"embeddable":true,"href":"http:\/\/informateesquina.com\/index.php?rest_route=%2Fwp%2Fv2%2Fcomments&post=65062"}],"version-history":[{"count":1,"href":"http:\/\/informateesquina.com\/index.php?rest_route=\/wp\/v2\/posts\/65062\/revisions"}],"predecessor-version":[{"id":65066,"href":"http:\/\/informateesquina.com\/index.php?rest_route=\/wp\/v2\/posts\/65062\/revisions\/65066"}],"wp:featuredmedia":[{"embeddable":true,"href":"http:\/\/informateesquina.com\/index.php?rest_route=\/wp\/v2\/media\/65063"}],"wp:attachment":[{"href":"http:\/\/informateesquina.com\/index.php?rest_route=%2Fwp%2Fv2%2Fmedia&parent=65062"}],"wp:term":[{"taxonomy":"category","embeddable":true,"href":"http:\/\/informateesquina.com\/index.php?rest_route=%2Fwp%2Fv2%2Fcategories&post=65062"},{"taxonomy":"post_tag","embeddable":true,"href":"http:\/\/informateesquina.com\/index.php?rest_route=%2Fwp%2Fv2%2Ftags&post=65062"}],"curies":[{"name":"wp","href":"https:\/\/api.w.org\/{rel}","templated":true}]}}