{"id":65067,"date":"2025-09-26T22:21:17","date_gmt":"2025-09-27T01:21:17","guid":{"rendered":"https:\/\/informateesquina.com\/?p=65067"},"modified":"2025-09-26T22:21:17","modified_gmt":"2025-09-27T01:21:17","slug":"corrientes-valdes-inauguro-el-nuevo-centro-comercial-de-la-unidad","status":"publish","type":"post","link":"http:\/\/informateesquina.com\/?p=65067","title":{"rendered":"Corrientes: Vald\u00e9s inaugur\u00f3 el nuevo Centro Comercial de La Unidad"},"content":{"rendered":"<h1><a class=\"fotos-desarrollo unlink\" style=\"font-size: 15px;\" title=\"Vald\u00e9s inaugur\u00f3 el nuevo Centro Comercial de La Unidad\" href=\"https:\/\/www.radiosudamericana.com\/notix\/multimedia\/imagenes\/fotos\/2025-09-26\/608331.jpg\"><img loading=\"lazy\" decoding=\"async\" class=\"img-responsive lazyload center-block\" src=\"https:\/\/www.radiosudamericana.com\/notix\/multimedia\/imagenes\/fotos\/2025-09-26\/608331.jpg_nota.jpg\" alt=\"Vald\u00e9s inaugur\u00f3 el nuevo Centro Comercial de La Unidad\" width=\"900\" height=\"499\" \/><\/a><\/h1>\n<p>&nbsp;<\/p>\n<div class=\"cuerpo\">\n<p>El gobernador Gustavo Vald\u00e9s, inaugur\u00f3 &#8220;UniPlaza Shopping&#8221;en la ciudad de Corrientes, ofreciendo una experiencia comercial, tur\u00edstica y cultural en el coraz\u00f3n de la capital provincial.<\/p>\n<p>&nbsp;<\/p>\n<p>Ubicado en La UNIDAD &#8211; la ex c\u00e1rcel &#8211;\u00a0es un espacio que combina historia y modernidad, el centro comercial a cielo abierto se perfila como un hito urbano que integra comercio, entretenimiento y cultura. El proyecto se desarrolla en un predio de 18.000 m\u00b2, rodeado por el Museo Hist\u00f3rico, el Centro de Ciencia y Tecnolog\u00eda y el Polo Gastron\u00f3mico.<\/p>\n<p>&nbsp;<\/p>\n<div id=\"embeds\" class=\"inser center-block\"><iframe loading=\"lazy\" title=\"INAUGURACION DE UNIPLAZA EN LA UNIDAD\" src=\"https:\/\/www.youtube.com\/embed\/j0TmBDPNDgw\" width=\"640\" height=\"400\" frameborder=\"0\" allowfullscreen=\"allowfullscreen\" data-mce-fragment=\"1\"><\/iframe><\/div>\n<p>&nbsp;<\/p>\n<p>\u201cUniPlaza es m\u00e1s que un shopping: es una nueva forma de vivir la ciudad, integrando espacios culturales, comercios y servicios de primer nivel\u201d, destacaron los responsables del proyecto.<\/p>\n<p><strong>Oferta comercial y de servicios<\/strong><\/p>\n<p>El centro cuenta con 35 locales distribuidos en tres niveles, incluyendo:<\/p>\n<ul>\n<li>Patio de comidas climatizado de 1.300 m\u00b2, con capacidad para 350 personas<\/li>\n<li>Restaurante de 480 m\u00b2 y 4 locales de comida r\u00e1pida<\/li>\n<li>Supermercado premium de 700 m\u00b2<\/li>\n<li>Gimnasio, cafeter\u00edas, helader\u00eda, jugueter\u00eda, vinoteca, farmacia, bazar, tecnolog\u00eda y perfumer\u00eda<\/li>\n<\/ul>\n<p>Marcas internacionales que llegan por primera vez a la regi\u00f3n, como Le Pain Quotidien y Bigg Life Change<\/p>\n<p>Adem\u00e1s, el shopping dispone de estacionamiento privado para 90 veh\u00edculos, galer\u00edas y terrazas semi cubiertas, as\u00ed como un sal\u00f3n de entretenimiento familiar.<\/p>\n<p><a class=\"fotos-desarrollo unlink\" title=\"Vald\u00e9s inaugur\u00f3 el nuevo Centro Comercial de La Unidad\" href=\"https:\/\/www.radiosudamericana.com\/notix\/multimedia\/imagenes\/fotos\/2025-09-26\/227226.jpeg\"><img decoding=\"async\" class=\"img-responsive\" src=\"https:\/\/www.radiosudamericana.com\/notix\/multimedia\/imagenes\/fotos\/2025-09-26\/227226.jpeg_nota.jpeg\" \/><\/a><a class=\"fotos-desarrollo unlink\" title=\"Vald\u00e9s inaugur\u00f3 el nuevo Centro Comercial de La Unidad\" href=\"https:\/\/www.radiosudamericana.com\/notix\/multimedia\/imagenes\/fotos\/2025-09-26\/968158.jpeg\"><img decoding=\"async\" class=\"img-responsive\" src=\"https:\/\/www.radiosudamericana.com\/notix\/multimedia\/imagenes\/fotos\/2025-09-26\/968158.jpeg_nota.jpeg\" \/><\/a><\/p>\n<h2><strong>Impacto econ\u00f3mico y social<\/strong><\/h2>\n<p>La construcci\u00f3n de UniPlaza gener\u00f3 m\u00e1s de 500 puestos de trabajo directos e indirectos, y se estima que con la apertura del centro comercial habr\u00e1 m\u00e1s de 250 empleados activos, impulsando la econom\u00eda regional.<\/p>\n<p>El proyecto es gestionado por Grupo CESHMA S.A., reconocida por la creaci\u00f3n y administraci\u00f3n de los principales shoppings del NEA, y busca consolidar a Corrientes como un destino comercial y cultural de referencia en la regi\u00f3n.<\/p>\n<p><a class=\"fotos-desarrollo unlink\" title=\"Vald\u00e9s inaugur\u00f3 el nuevo Centro Comercial de La Unidad\" href=\"https:\/\/www.radiosudamericana.com\/notix\/multimedia\/imagenes\/fotos\/2025-09-26\/226988.jpeg\"><img decoding=\"async\" class=\"img-responsive\" src=\"https:\/\/www.radiosudamericana.com\/notix\/multimedia\/imagenes\/fotos\/2025-09-26\/226988.jpeg_nota.jpeg\" \/><\/a><\/p>\n<p>\u201cEste emprendimiento no solo revaloriza el entorno urbano, sino que tambi\u00e9n genera desarrollo y nuevas oportunidades para la ciudad y su gente\u201d, concluyeron desde la empresa.<\/p>\n<p><a class=\"fotos-desarrollo unlink\" title=\"Vald\u00e9s inaugur\u00f3 el nuevo Centro Comercial de La Unidad\" href=\"https:\/\/www.radiosudamericana.com\/notix\/multimedia\/imagenes\/fotos\/2025-09-26\/802868.jpeg\"><img decoding=\"async\" class=\"img-responsive\" src=\"https:\/\/www.radiosudamericana.com\/notix\/multimedia\/imagenes\/fotos\/2025-09-26\/802868.jpeg_nota.jpeg\" \/><\/a><\/p>\n<\/div>\n","protected":false},"excerpt":{"rendered":"<p>&nbsp; El gobernador Gustavo Vald\u00e9s, inaugur\u00f3 &#8220;UniPlaza Shopping&#8221;en la ciudad de Corrientes, ofreciendo una experiencia comercial, tur\u00edstica y cultural en el coraz\u00f3n de la capital provincial. &nbsp; Ubicado en La UNIDAD &#8211; la ex c\u00e1rcel &#8211;\u00a0es un espacio que combina historia y modernidad, el centro comercial a cielo abierto se perfila como un hito urbano [&hellip;]<\/p>\n","protected":false},"author":3,"featured_media":65068,"comment_status":"open","ping_status":"open","sticky":false,"template":"","format":"standard","meta":{"footnotes":""},"categories":[10,11],"tags":[],"class_list":["post-65067","post","type-post","status-publish","format-standard","has-post-thumbnail","hentry","category-provinciales","category-sociedad"],"_links":{"self":[{"href":"http:\/\/informateesquina.com\/index.php?rest_route=\/wp\/v2\/posts\/65067","targetHints":{"allow":["GET"]}}],"collection":[{"href":"http:\/\/informateesquina.com\/index.php?rest_route=\/wp\/v2\/posts"}],"about":[{"href":"http:\/\/informateesquina.com\/index.php?rest_route=\/wp\/v2\/types\/post"}],"author":[{"embeddable":true,"href":"http:\/\/informateesquina.com\/index.php?rest_route=\/wp\/v2\/users\/3"}],"replies":[{"embeddable":true,"href":"http:\/\/informateesquina.com\/index.php?rest_route=%2Fwp%2Fv2%2Fcomments&post=65067"}],"version-history":[{"count":1,"href":"http:\/\/informateesquina.com\/index.php?rest_route=\/wp\/v2\/posts\/65067\/revisions"}],"predecessor-version":[{"id":65069,"href":"http:\/\/informateesquina.com\/index.php?rest_route=\/wp\/v2\/posts\/65067\/revisions\/65069"}],"wp:featuredmedia":[{"embeddable":true,"href":"http:\/\/informateesquina.com\/index.php?rest_route=\/wp\/v2\/media\/65068"}],"wp:attachment":[{"href":"http:\/\/informateesquina.com\/index.php?rest_route=%2Fwp%2Fv2%2Fmedia&parent=65067"}],"wp:term":[{"taxonomy":"category","embeddable":true,"href":"http:\/\/informateesquina.com\/index.php?rest_route=%2Fwp%2Fv2%2Fcategories&post=65067"},{"taxonomy":"post_tag","embeddable":true,"href":"http:\/\/informateesquina.com\/index.php?rest_route=%2Fwp%2Fv2%2Ftags&post=65067"}],"curies":[{"name":"wp","href":"https:\/\/api.w.org\/{rel}","templated":true}]}}