{"id":65070,"date":"2025-09-26T22:40:07","date_gmt":"2025-09-27T01:40:07","guid":{"rendered":"https:\/\/informateesquina.com\/?p=65070"},"modified":"2025-09-26T22:40:07","modified_gmt":"2025-09-27T01:40:07","slug":"chaco-bebe-de-tres-meses-murio-tras-un-choque-de-moto-con-sus-papas","status":"publish","type":"post","link":"http:\/\/informateesquina.com\/?p=65070","title":{"rendered":"Chaco: Beb\u00e9 de tres meses muri\u00f3 tras un choque de moto con sus pap\u00e1s"},"content":{"rendered":"<div>\n<p class=\"copete\">Un ni\u00f1o de tres meses, identificado como Gael G.A, muri\u00f3 este viernes luego de un accidente de tr\u00e1nsito en el que viajaba junto a sus padres en una motocicleta.<\/p>\n<\/div>\n<div class=\"cuerpo\">\n<p>El siniestro ocurri\u00f3 en General San Mart\u00edn (Chaco) alrededor de las 14:40 en la intersecci\u00f3n de calles L\u00f3pez y Planes con Tucum\u00e1n, cuando colisionaron dos motocicletas. En una de ellas, de 110 cc roja, se trasladaban Gael y sus padres, mientras que en la otra, una\u00a0150 cc azul, circulaba un joven de 20 a\u00f1os.<\/p>\n<p>&nbsp;<\/p>\n<p>Tras la colisi\u00f3n, el menor y su madre, de 37 a\u00f1os, fueron trasladados al Hospital F\u00e9lix Anselmo Pertile, donde recibieron asistencia inicial.\u00a0<strong>Debido a la gravedad de las lesiones, Gael fue derivado al Hospital Pedi\u00e1trico de Resistencia, donde ingres\u00f3 sin signos vitales.<\/strong><\/p>\n<p>El M\u00e9dico Policial de turno intervino en el hecho, mientras las autoridades contin\u00faan con las investigaciones sobre las causas del accidente.<\/p>\n<p>La madre del ni\u00f1o permanece bajo observaci\u00f3n en el hospital local.<\/p>\n<\/div>\n","protected":false},"excerpt":{"rendered":"<p>Un ni\u00f1o de tres meses, identificado como Gael G.A, muri\u00f3 este viernes luego de un accidente de tr\u00e1nsito en el que viajaba junto a sus padres en una motocicleta. El siniestro ocurri\u00f3 en General San Mart\u00edn (Chaco) alrededor de las 14:40 en la intersecci\u00f3n de calles L\u00f3pez y Planes con Tucum\u00e1n, cuando colisionaron dos motocicletas. [&hellip;]<\/p>\n","protected":false},"author":3,"featured_media":65071,"comment_status":"open","ping_status":"open","sticky":false,"template":"","format":"standard","meta":{"footnotes":""},"categories":[7,8],"tags":[],"class_list":["post-65070","post","type-post","status-publish","format-standard","has-post-thumbnail","hentry","category-nacionales","category-policiales"],"_links":{"self":[{"href":"http:\/\/informateesquina.com\/index.php?rest_route=\/wp\/v2\/posts\/65070","targetHints":{"allow":["GET"]}}],"collection":[{"href":"http:\/\/informateesquina.com\/index.php?rest_route=\/wp\/v2\/posts"}],"about":[{"href":"http:\/\/informateesquina.com\/index.php?rest_route=\/wp\/v2\/types\/post"}],"author":[{"embeddable":true,"href":"http:\/\/informateesquina.com\/index.php?rest_route=\/wp\/v2\/users\/3"}],"replies":[{"embeddable":true,"href":"http:\/\/informateesquina.com\/index.php?rest_route=%2Fwp%2Fv2%2Fcomments&post=65070"}],"version-history":[{"count":1,"href":"http:\/\/informateesquina.com\/index.php?rest_route=\/wp\/v2\/posts\/65070\/revisions"}],"predecessor-version":[{"id":65072,"href":"http:\/\/informateesquina.com\/index.php?rest_route=\/wp\/v2\/posts\/65070\/revisions\/65072"}],"wp:featuredmedia":[{"embeddable":true,"href":"http:\/\/informateesquina.com\/index.php?rest_route=\/wp\/v2\/media\/65071"}],"wp:attachment":[{"href":"http:\/\/informateesquina.com\/index.php?rest_route=%2Fwp%2Fv2%2Fmedia&parent=65070"}],"wp:term":[{"taxonomy":"category","embeddable":true,"href":"http:\/\/informateesquina.com\/index.php?rest_route=%2Fwp%2Fv2%2Fcategories&post=65070"},{"taxonomy":"post_tag","embeddable":true,"href":"http:\/\/informateesquina.com\/index.php?rest_route=%2Fwp%2Fv2%2Ftags&post=65070"}],"curies":[{"name":"wp","href":"https:\/\/api.w.org\/{rel}","templated":true}]}}