{"id":65073,"date":"2025-09-26T22:42:40","date_gmt":"2025-09-27T01:42:40","guid":{"rendered":"https:\/\/informateesquina.com\/?p=65073"},"modified":"2025-09-26T22:45:11","modified_gmt":"2025-09-27T01:45:11","slug":"peregrinacion-juvenil-a-itati-que-no-le-puede-faltar-a-un-peregrino","status":"publish","type":"post","link":"http:\/\/informateesquina.com\/?p=65073","title":{"rendered":"Peregrinaci\u00f3n juvenil a Itat\u00ed: qu\u00e9 no le puede faltar a un peregrino"},"content":{"rendered":"<h1><span style=\"color: #333333; font-size: 15px;\">Cuenta regresiva para la Peregrinaci\u00f3n Juvenil del NEA a Itat\u00ed, Este fin de semana se llevara a cabo el mayor acto de fe de los j\u00f3venes a la Bas\u00edlica de la Virgen morena y en la siguiente nota te detallamos los elementos que note pueden faltar si sos peregrino.<\/span><\/h1>\n<div class=\"fotos-y-videos\">\n<p>&nbsp;<\/p>\n<div class=\"tab-content\">\n<div id=\"fotos\" class=\"tab-pane fade in active\" role=\"tabpanel\"><a class=\"fotos-desarrollo unlink\" title=\"Peregrinaci\u00f3n juvenil a Itat\u00ed: qu\u00e9 no le puede faltar a un peregrino\" href=\"https:\/\/www.radiosudamericana.com\/notix\/multimedia\/imagenes\/fotos\/2025-09-23\/349339.jpg\"><img loading=\"lazy\" decoding=\"async\" class=\"img-responsive lazyload center-block\" src=\"https:\/\/www.radiosudamericana.com\/notix\/multimedia\/imagenes\/fotos\/2025-09-23\/349339.jpg_nota.jpg\" alt=\"Peregrinaci\u00f3n juvenil a Itat\u00ed: qu\u00e9 no le puede faltar a un peregrino\" width=\"900\" height=\"651\" \/><\/a><\/div>\n<\/div>\n<\/div>\n<p>&nbsp;<\/p>\n<div class=\"cuerpo\">\n<p>El evento tendr\u00e1 lugar el\u00a0<strong>27 y 28 de septiembre<\/strong>. Peregrinos de comunidades diocesanas de Corrientes, Chaco, Formosa y Misiones se consagran ante los pies de la\u00a0<strong>Virgen de Itat\u00ed<\/strong>.<\/p>\n<p>Miles de j\u00f3venes de la regi\u00f3n llevan esta devoci\u00f3n mariana y demostraci\u00f3n de fe, para acerca su agradecimiento por favores recibido e intenciones.<\/p>\n<p>&nbsp;<\/p>\n<p>Si vas a peregrinar este fin de semana te contamos lo que no te puede faltar:<\/p>\n<h2><strong>LO QUE LLEVAN PUESTO<\/strong><\/h2>\n<ul>\n<li>Remera clara<\/li>\n<li>Calza y\/o pantal\u00f3n Zapatillas c\u00f3modas\/cansadas (nada de ir con nuevas)<\/li>\n<li>Medias largas sin costura\u00a0(sino de algod\u00f3n andan bien)<\/li>\n<li>Gorra<\/li>\n<\/ul>\n<h2><strong>EN LA RI\u00d1ONERA<\/strong><\/h2>\n<ul>\n<li>DNI<\/li>\n<li>Celular con bater\u00eda<\/li>\n<li>Rosario<\/li>\n<li>Plata<\/li>\n<\/ul>\n<p><a class=\"fotos-desarrollo unlink\" title=\"Peregrinaci\u00f3n juvenil a Itat\u00ed: qu\u00e9 no le puede faltar a un peregrino\" href=\"https:\/\/www.radiosudamericana.com\/notix\/multimedia\/imagenes\/fotos\/2025-09-23\/945987.jpg\"><img decoding=\"async\" class=\"img-responsive\" src=\"https:\/\/www.radiosudamericana.com\/notix\/multimedia\/imagenes\/fotos\/2025-09-23\/945987.jpg_nota.jpg\" \/><\/a><\/p>\n<h2><strong>LO QUE DEBES LLEVAR EN LA MOCHILA<\/strong><\/h2>\n<ul>\n<li>Linterna personal<\/li>\n<li>Frazadita personal<\/li>\n<li>Crema hidratante\/protector solar<\/li>\n<li>Kit de higiene personal (cepillo &#8211; dent\u00edfrico &#8211; toallitas &#8211; jab\u00f3n &#8211; desodorante \u2013 perfume \u2013 toalla de mano)<\/li>\n<li>Medias de repuesto<\/li>\n<\/ul>\n<\/div>\n","protected":false},"excerpt":{"rendered":"<p>Cuenta regresiva para la Peregrinaci\u00f3n Juvenil del NEA a Itat\u00ed, Este fin de semana se llevara a cabo el mayor acto de fe de los j\u00f3venes a la Bas\u00edlica de la Virgen morena y en la siguiente nota te detallamos los elementos que note pueden faltar si sos peregrino. &nbsp; &nbsp; El evento tendr\u00e1 lugar [&hellip;]<\/p>\n","protected":false},"author":3,"featured_media":65074,"comment_status":"open","ping_status":"open","sticky":false,"template":"","format":"standard","meta":{"footnotes":""},"categories":[6,10,11],"tags":[],"class_list":["post-65073","post","type-post","status-publish","format-standard","has-post-thumbnail","hentry","category-locales","category-provinciales","category-sociedad"],"_links":{"self":[{"href":"http:\/\/informateesquina.com\/index.php?rest_route=\/wp\/v2\/posts\/65073","targetHints":{"allow":["GET"]}}],"collection":[{"href":"http:\/\/informateesquina.com\/index.php?rest_route=\/wp\/v2\/posts"}],"about":[{"href":"http:\/\/informateesquina.com\/index.php?rest_route=\/wp\/v2\/types\/post"}],"author":[{"embeddable":true,"href":"http:\/\/informateesquina.com\/index.php?rest_route=\/wp\/v2\/users\/3"}],"replies":[{"embeddable":true,"href":"http:\/\/informateesquina.com\/index.php?rest_route=%2Fwp%2Fv2%2Fcomments&post=65073"}],"version-history":[{"count":1,"href":"http:\/\/informateesquina.com\/index.php?rest_route=\/wp\/v2\/posts\/65073\/revisions"}],"predecessor-version":[{"id":65075,"href":"http:\/\/informateesquina.com\/index.php?rest_route=\/wp\/v2\/posts\/65073\/revisions\/65075"}],"wp:featuredmedia":[{"embeddable":true,"href":"http:\/\/informateesquina.com\/index.php?rest_route=\/wp\/v2\/media\/65074"}],"wp:attachment":[{"href":"http:\/\/informateesquina.com\/index.php?rest_route=%2Fwp%2Fv2%2Fmedia&parent=65073"}],"wp:term":[{"taxonomy":"category","embeddable":true,"href":"http:\/\/informateesquina.com\/index.php?rest_route=%2Fwp%2Fv2%2Fcategories&post=65073"},{"taxonomy":"post_tag","embeddable":true,"href":"http:\/\/informateesquina.com\/index.php?rest_route=%2Fwp%2Fv2%2Ftags&post=65073"}],"curies":[{"name":"wp","href":"https:\/\/api.w.org\/{rel}","templated":true}]}}