{"id":65076,"date":"2025-09-26T22:48:16","date_gmt":"2025-09-27T01:48:16","guid":{"rendered":"https:\/\/informateesquina.com\/?p=65076"},"modified":"2025-09-26T22:48:16","modified_gmt":"2025-09-27T01:48:16","slug":"santo-tome-un-camion-cayo-al-rio-tras-chocar-con-un-automovil","status":"publish","type":"post","link":"http:\/\/informateesquina.com\/?p=65076","title":{"rendered":"Santo Tom\u00e9: un cami\u00f3n cay\u00f3 al r\u00edo tras chocar con un autom\u00f3vil"},"content":{"rendered":"<p>Un grave siniestro vial se registr\u00f3 en la madrugada de este viernes en la Ruta Nacional N\u00b0 14, kil\u00f3metro 660, en cercan\u00edas del<strong>\u00a0Puente Cuay Grande, en Santo Tom\u00e9.<\/strong><\/p>\n<div class=\"cuerpo\">\n<p>Seg\u00fan la informaci\u00f3n policial preliminar, por causas que se investigan, un Fiat Palio, en el que viajaban un hombre, una mujer y dos menores, colision\u00f3 con un cami\u00f3n con semirremolque conducido por otro hombre mayor de edad.\u00a0<strong>Tras el impacto, la cabina del cami\u00f3n se desprendi\u00f3 y cay\u00f3 al r\u00edo, quedando el chofer en el interior del veh\u00edculo.<\/strong><\/p>\n<p>&nbsp;<\/p>\n<div style=\"width: 720px;\" class=\"wp-video\"><video class=\"wp-video-shortcode\" id=\"video-65076-1\" width=\"720\" height=\"1280\" preload=\"metadata\" controls=\"controls\"><source type=\"video\/mp4\" src=\"http:\/\/informateesquina.com\/wp-content\/uploads\/2025\/09\/AQMGVsfQTDwu0ls46nUg8pTMQP0FVGKuJoFf4xIevKVzvfnLpnWmnFIssb3glVEbCogFVnOJVtCc2gDktEUXA7nBQP82THRuCfY45oYDF7nAcQ.mp4?_=1\" \/><a href=\"http:\/\/informateesquina.com\/wp-content\/uploads\/2025\/09\/AQMGVsfQTDwu0ls46nUg8pTMQP0FVGKuJoFf4xIevKVzvfnLpnWmnFIssb3glVEbCogFVnOJVtCc2gDktEUXA7nBQP82THRuCfY45oYDF7nAcQ.mp4\">http:\/\/informateesquina.com\/wp-content\/uploads\/2025\/09\/AQMGVsfQTDwu0ls46nUg8pTMQP0FVGKuJoFf4xIevKVzvfnLpnWmnFIssb3glVEbCogFVnOJVtCc2gDktEUXA7nBQP82THRuCfY45oYDF7nAcQ.mp4<\/a><\/video><\/div>\n<p>Todos los involucrados fueron r\u00e1pidamente auxiliados y trasladados al hospital local, donde los m\u00e9dicos constataron lesiones de diversa consideraci\u00f3n.\u00a0En el lugar trabaj\u00f3 personal de la Comisar\u00eda de Distrito 2\u00aa de Santo Tom\u00e9.<\/p>\n<\/div>\n","protected":false},"excerpt":{"rendered":"<p>Un grave siniestro vial se registr\u00f3 en la madrugada de este viernes en la Ruta Nacional N\u00b0 14, kil\u00f3metro 660, en cercan\u00edas del\u00a0Puente Cuay Grande, en Santo Tom\u00e9. Seg\u00fan la informaci\u00f3n policial preliminar, por causas que se investigan, un Fiat Palio, en el que viajaban un hombre, una mujer y dos menores, colision\u00f3 con un [&hellip;]<\/p>\n","protected":false},"author":3,"featured_media":65078,"comment_status":"open","ping_status":"open","sticky":false,"template":"","format":"standard","meta":{"footnotes":""},"categories":[8,10],"tags":[],"class_list":["post-65076","post","type-post","status-publish","format-standard","has-post-thumbnail","hentry","category-policiales","category-provinciales"],"_links":{"self":[{"href":"http:\/\/informateesquina.com\/index.php?rest_route=\/wp\/v2\/posts\/65076","targetHints":{"allow":["GET"]}}],"collection":[{"href":"http:\/\/informateesquina.com\/index.php?rest_route=\/wp\/v2\/posts"}],"about":[{"href":"http:\/\/informateesquina.com\/index.php?rest_route=\/wp\/v2\/types\/post"}],"author":[{"embeddable":true,"href":"http:\/\/informateesquina.com\/index.php?rest_route=\/wp\/v2\/users\/3"}],"replies":[{"embeddable":true,"href":"http:\/\/informateesquina.com\/index.php?rest_route=%2Fwp%2Fv2%2Fcomments&post=65076"}],"version-history":[{"count":1,"href":"http:\/\/informateesquina.com\/index.php?rest_route=\/wp\/v2\/posts\/65076\/revisions"}],"predecessor-version":[{"id":65079,"href":"http:\/\/informateesquina.com\/index.php?rest_route=\/wp\/v2\/posts\/65076\/revisions\/65079"}],"wp:featuredmedia":[{"embeddable":true,"href":"http:\/\/informateesquina.com\/index.php?rest_route=\/wp\/v2\/media\/65078"}],"wp:attachment":[{"href":"http:\/\/informateesquina.com\/index.php?rest_route=%2Fwp%2Fv2%2Fmedia&parent=65076"}],"wp:term":[{"taxonomy":"category","embeddable":true,"href":"http:\/\/informateesquina.com\/index.php?rest_route=%2Fwp%2Fv2%2Fcategories&post=65076"},{"taxonomy":"post_tag","embeddable":true,"href":"http:\/\/informateesquina.com\/index.php?rest_route=%2Fwp%2Fv2%2Ftags&post=65076"}],"curies":[{"name":"wp","href":"https:\/\/api.w.org\/{rel}","templated":true}]}}