{"id":65080,"date":"2025-09-26T22:50:09","date_gmt":"2025-09-27T01:50:09","guid":{"rendered":"https:\/\/informateesquina.com\/?p=65080"},"modified":"2025-09-26T22:50:09","modified_gmt":"2025-09-27T01:50:09","slug":"triple-crimen-ordenaron-la-captura-internacional-de-la-mano-derecha-de-pequeno-j","status":"publish","type":"post","link":"http:\/\/informateesquina.com\/?p=65080","title":{"rendered":"Triple crimen: ordenaron la captura internacional de la mano derecha de \u201cPeque\u00f1o J\u201d"},"content":{"rendered":"<div class=\"content-article-title\">\n<div class=\"wrapper-layout center-content center_story max-width\">\n<div class=\"col-content\"><\/div>\n<\/div>\n<\/div>\n<div class=\"common-layout wrapper-layout center-content center_story max-width story article\">\n<div class=\"col-content\"><main class=\"col-content\"><\/p>\n<div class=\"article__header article__story article__article\">\n<div class=\"article__head\">\n<div class=\"article__headline-byline-container\">\n<div class=\"article__byline\" data-testid=\"byline\">\n<div class=\"author-date\"><\/div>\n<\/div>\n<\/div>\n<div class=\"article__lead-art article__lead-art-photo\" data-testid=\"LeadArtPhoto\">\n<figure class=\"\" data-testid=\"figure-testid\">\n<div class=\"aspect_ratio__container\"><picture class=\"responsive-image\"><source srcset=\"https:\/\/tn.com.ar\/resizer\/v2\/triple-crimen-en-florencio-varela-ordenaron-la-captura-internacional-de-la-mano-derecha-de-pequeno-j-foto-interpol-tn-HDFRECVTUFGCHG54J4ZPAPDYGI.jpg?auth=bebb821c2a3f30f6fc0b5f1e28ca6920e8bbab42ef16c3628dd7f6f4ac9f2a65&amp;width=767\" type=\"image\/jpg\" media=\"(max-width: 728px)\" \/><source srcset=\"https:\/\/tn.com.ar\/resizer\/v2\/triple-crimen-en-florencio-varela-ordenaron-la-captura-internacional-de-la-mano-derecha-de-pequeno-j-foto-interpol-tn-HDFRECVTUFGCHG54J4ZPAPDYGI.jpg?auth=bebb821c2a3f30f6fc0b5f1e28ca6920e8bbab42ef16c3628dd7f6f4ac9f2a65&amp;width=1023\" type=\"image\/jpg\" media=\"(max-width: 1023px)\" \/><source srcset=\"https:\/\/tn.com.ar\/resizer\/v2\/triple-crimen-en-florencio-varela-ordenaron-la-captura-internacional-de-la-mano-derecha-de-pequeno-j-foto-interpol-tn-HDFRECVTUFGCHG54J4ZPAPDYGI.jpg?auth=bebb821c2a3f30f6fc0b5f1e28ca6920e8bbab42ef16c3628dd7f6f4ac9f2a65&amp;width=1440\" type=\"image\/jpg\" \/><img decoding=\"async\" class=\"width_full height_full article__lead-art-photo image_placeholder\" src=\"https:\/\/tn.com.ar\/resizer\/v2\/triple-crimen-en-florencio-varela-ordenaron-la-captura-internacional-de-la-mano-derecha-de-pequeno-j-foto-interpol-tn-HDFRECVTUFGCHG54J4ZPAPDYGI.jpg?auth=bebb821c2a3f30f6fc0b5f1e28ca6920e8bbab42ef16c3628dd7f6f4ac9f2a65&amp;width=767\" alt=\"Triple crimen en Florencio Varela: ordenaron la captura internacional de la mano derecha de \u201cPeque\u00f1o J\u201d. (Foto: Interpol \/ TN)\" \/><\/picture><\/div><figcaption class=\"caption_image\" data-testid=\"figcaption-testid\">\n<div class=\"image_caption font__body\">Triple crimen en Florencio Varela: ordenaron la captura internacional de la mano derecha de \u201cPeque\u00f1o J\u201d. (Foto: Interpol \/ TN)<\/div>\n<\/figcaption><\/figure>\n<\/div>\n<div class=\"article__audionote-share\">\n<div class=\"trinity__audio-wrapper\"><\/div>\n<div class=\"horizontal-share is-collapsable\" data-testid=\"share-toolbar\">\n<div class=\"tooltip__wrapper relative\"><\/div>\n<p><span class=\"share-label\">Compartir<\/span><\/div>\n<\/div>\n<div class=\"trinity-tts-placeholder-icon-player\"><\/div>\n<\/div>\n<\/div>\n<div class=\"default-article-color article__body article__article\">\n<p class=\"left paragraph font__body-regular\">En el avance de la investigaci\u00f3n del\u00a0<b>triple femicidio en Florencio Varela<\/b>, la Justicia orden\u00f3 la captura nacional e internacional de la\u00a0<b>mano derecha de\u00a0<\/b><b>\u201cPeque\u00f1o J\u201d<\/b>, el narco peruano de 23 a\u00f1os que habr\u00eda ordenado la tortura y asesinato de\u00a0<b>Lara Guti\u00e9rrez<\/b>,\u00a0<b>Brenda del Castillo<\/b>\u00a0y\u00a0<b>Morena Verdi<\/b>.<\/p>\n<div id=\"ad-slot-infeed\" class=\"infeed-container\"><\/div>\n<p class=\"left paragraph font__body-regular\">El sospechoso\u00a0<b>Mat\u00edas Agust\u00edn Ozorio<\/b>, de 28 a\u00f1os y cercano al l\u00edder de la organizaci\u00f3n delictiva que\u00a0<b>habr\u00eda planeado todo<\/b>: desde la trampa de la fiesta hasta la transmisi\u00f3n en vivo del crimen.<\/p>\n<p class=\"left paragraph font__body-regular\">La Interpol emiti\u00f3 una\u00a0<b>alerta roja<\/b>\u00a0sobre la b\u00fasqueda de Ozorio. De acuerdo al documento al que pudo acceder\u00a0<b>TN<\/b>, el hombre tiene un domicilio registrado en el barrio porte\u00f1o de Parque Patricios.<\/p>\n<figure class=\"\" data-testid=\"figure-testid\">\n<div class=\"aspect_ratio__container\"><picture class=\"responsive-image\"><source srcset=\"https:\/\/tn.com.ar\/resizer\/v2\/las-fotos-de-identificacion-de-matias-agustin-ozorio-foto-interpol-B4V553OI2FCBXA6TSMUW2ZS7IE.png?auth=fd97e6701dda8db5a4b94cef7a491905e643bb8e62ba982a84fcb85c3cda5333&amp;width=767\" type=\"image\/jpg\" media=\"(max-width: 728px)\" \/><source srcset=\"https:\/\/tn.com.ar\/resizer\/v2\/las-fotos-de-identificacion-de-matias-agustin-ozorio-foto-interpol-B4V553OI2FCBXA6TSMUW2ZS7IE.png?auth=fd97e6701dda8db5a4b94cef7a491905e643bb8e62ba982a84fcb85c3cda5333&amp;width=1023\" type=\"image\/jpg\" media=\"(max-width: 1023px)\" \/><source srcset=\"https:\/\/tn.com.ar\/resizer\/v2\/las-fotos-de-identificacion-de-matias-agustin-ozorio-foto-interpol-B4V553OI2FCBXA6TSMUW2ZS7IE.png?auth=fd97e6701dda8db5a4b94cef7a491905e643bb8e62ba982a84fcb85c3cda5333&amp;width=1440\" type=\"image\/jpg\" \/><img loading=\"lazy\" decoding=\"async\" class=\"image content-image image_placeholder\" src=\"https:\/\/tn.com.ar\/resizer\/v2\/las-fotos-de-identificacion-de-matias-agustin-ozorio-foto-interpol-B4V553OI2FCBXA6TSMUW2ZS7IE.png?auth=fd97e6701dda8db5a4b94cef7a491905e643bb8e62ba982a84fcb85c3cda5333&amp;width=767\" alt=\"Las fotos de identificaci\u00f3n de Mat\u00edas Agust\u00edn Ozorio. (Foto: Interpol).\" width=\"767\" height=\"386\" data-testid=\"loading-testid\" \/><\/picture><\/div><figcaption class=\"caption_image\" data-testid=\"figcaption-testid\">\n<div class=\"image_caption \">Las fotos de identificaci\u00f3n de Mat\u00edas Agust\u00edn Ozorio. (Foto: Interpol).<\/div>\n<\/figcaption><\/figure>\n<p class=\"left paragraph font__body-regular\">Despu\u00e9s del hallazgo de los cuerpos de las v\u00edctimas y la detenci\u00f3n de cuatro sospechosos, los investigadores avanzan en\u00a0<b>esclarecer los roles<\/b><b>\u00a0<\/b>de las personas que participaron en los asesinatos o que estuvieron vinculadas de alguna forma.<\/p>\n<p class=\"left paragraph font__body-regular\">Seg\u00fan consta en la investigaci\u00f3n realizada hasta el momento, \u201cPeque\u00f1o J\u201d le habr\u00eda dicho a los due\u00f1os de la casa de Florencio Varela -que ya est\u00e1n detenidos junto a otra pareja- que\u00a0<b>\u201cordenen todo\u201d<\/b>\u00a0para completar el crimen. Esto es,<b>\u00a0hacer los pozos en el patio<\/b>\u00a0para enterrar a las tres j\u00f3venes.<\/p>\n<div class=\"genoa_video raw relative\"><\/div>\n<p class=\"left paragraph font__body-regular\">Este jueves hubo un\u00a0allanamiento del b\u00fanker de \u201cPeque\u00f1o J\u201d\u00a0en el barrio porte\u00f1o de Barracas. El l\u00edder narco dej\u00f3\u00a0<b>trampas electrificadas y un mensaje directo para la polic\u00eda<\/b>,<b>\u00a0<\/b>escrito en una hoja de papel.<\/p>\n<p class=\"left paragraph font__body-regular\">La hip\u00f3tesis del fiscal de La Matanza,\u00a0<b>Gast\u00f3n Dupla\u00e1<\/b>, que el jueves por la noche le cedi\u00f3 el cargo al fiscal Adri\u00e1n Arribas, es que\u00a0<b>el destinatario final de la masacre no eran las tres j\u00f3venes<\/b>. En ese sentido, se sospecha que Brenda, Morena y Lara fueron \u201cel veh\u00edculo de un mensaje\u201d para\u00a0alguien de su propia banda\u00a0que habr\u00eda intentado robarle y traicionarlo. Esa persona habr\u00eda visto la transmisi\u00f3n en vivo del crimen.<\/p>\n<h2 class=\"font--primary font__display\">Qui\u00e9nes son los cuatro detenidos<\/h2>\n<p class=\"left paragraph font__body-regular\">Son\u00a0<a title=\"https:\/\/tn.com.ar\/policiales\/2025\/09\/25\/los-detenidos-por-el-triple-crimen-en-varela-se-negaron-a-declarar-y-quedaron-imputados-por-homicidio-agravado\/\" href=\"https:\/\/tn.com.ar\/policiales\/2025\/09\/25\/los-detenidos-por-el-triple-crimen-en-varela-se-negaron-a-declarar-y-quedaron-imputados-por-homicidio-agravado\/\" target=\"_blank\" rel=\"noopener noreferrer\">dos parejas<\/a>, una de nacionalidad argentina y otra peruana, acusadas de\u00a0<b>homicidio agravado<\/b>. Fueron identificados como\u00a0<b>Magal\u00ed Celeste Gonz\u00e1lez Guerrero<\/b>, de 28 a\u00f1os;\u00a0<b>Miguel \u00c1ngel Villanueva Silva<\/b>, de 27;\u00a0<b>Daniela Iara Ibarra<\/b>, de 19; y\u00a0<b>Maximiliano Andr\u00e9s Parra<\/b>, de 18.<\/p>\n<figure class=\"\" data-testid=\"figure-testid\">\n<div class=\"aspect_ratio__container\"><picture class=\"responsive-image\"><source srcset=\"https:\/\/tn.com.ar\/resizer\/v2\/los-cuatro-detenidos-por-el-triple-femicidio-en-florencio-varela-foto-na-VECAZH5T7RAUDAWFZDS3WSU6YQ.jpg?auth=1f03cfda62bf34142637555b21014aea998cea57d6a12ff6fb554e305792a5c2&amp;width=767\" type=\"image\/jpg\" media=\"(max-width: 728px)\" \/><source srcset=\"https:\/\/tn.com.ar\/resizer\/v2\/los-cuatro-detenidos-por-el-triple-femicidio-en-florencio-varela-foto-na-VECAZH5T7RAUDAWFZDS3WSU6YQ.jpg?auth=1f03cfda62bf34142637555b21014aea998cea57d6a12ff6fb554e305792a5c2&amp;width=1023\" type=\"image\/jpg\" media=\"(max-width: 1023px)\" \/><source srcset=\"https:\/\/tn.com.ar\/resizer\/v2\/los-cuatro-detenidos-por-el-triple-femicidio-en-florencio-varela-foto-na-VECAZH5T7RAUDAWFZDS3WSU6YQ.jpg?auth=1f03cfda62bf34142637555b21014aea998cea57d6a12ff6fb554e305792a5c2&amp;width=1440\" type=\"image\/jpg\" \/><img loading=\"lazy\" decoding=\"async\" class=\"image content-image image_placeholder\" src=\"https:\/\/tn.com.ar\/resizer\/v2\/los-cuatro-detenidos-por-el-triple-femicidio-en-florencio-varela-foto-na-VECAZH5T7RAUDAWFZDS3WSU6YQ.jpg?auth=1f03cfda62bf34142637555b21014aea998cea57d6a12ff6fb554e305792a5c2&amp;width=767\" alt=\"Los cuatro detenidos por el triple femicidio en Florencio Varela. (Foto: NA).\" width=\"767\" height=\"430\" data-testid=\"loading-testid\" \/><\/picture><\/div><figcaption class=\"caption_image\" data-testid=\"figcaption-testid\">\n<div class=\"image_caption \">Los cuatro detenidos por el triple femicidio en Florencio Varela. (Foto: NA).<\/div>\n<\/figcaption><\/figure>\n<p class=\"left paragraph font__body-regular\">La primera detenci\u00f3n ocurri\u00f3 en la casa de Florencia Varela, donde la polic\u00eda encontr\u00f3 los cuerpos. All\u00ed, Ibarra y Parra fueron sorprendidos cuando\u00a0<b>intentaban limpiar la escena del crimen.<\/b><\/p>\n<p class=\"left paragraph font__body-regular\">Horas m\u00e1s tarde, Gonz\u00e1lez Guerrero y Villanueva Silva, quienes ser\u00edan los due\u00f1os de la propiedad, fue detenida en\u00a0<b>un hotel alojamiento\u00a0<\/b>ubicado a pocos kil\u00f3metros del lugar.<\/p>\n<p>&nbsp;<\/p>\n<p class=\"left paragraph font__body-regular\">Los cuatro est\u00e1n imputados por\u00a0<b>homicidio agravado<\/b>\u00a0y est\u00e1n alojados en el penal de Melchor Romero, donde permanecer\u00e1n bajo prisi\u00f3n preventiva.<\/p>\n<\/div>\n<p><\/main><\/div>\n<\/div>\n","protected":false},"excerpt":{"rendered":"<p>Triple crimen en Florencio Varela: ordenaron la captura internacional de la mano derecha de \u201cPeque\u00f1o J\u201d. (Foto: Interpol \/ TN) Compartir En el avance de la investigaci\u00f3n del\u00a0triple femicidio en Florencio Varela, la Justicia orden\u00f3 la captura nacional e internacional de la\u00a0mano derecha de\u00a0\u201cPeque\u00f1o J\u201d, el narco peruano de 23 a\u00f1os que habr\u00eda ordenado la [&hellip;]<\/p>\n","protected":false},"author":3,"featured_media":65081,"comment_status":"open","ping_status":"open","sticky":false,"template":"","format":"standard","meta":{"footnotes":""},"categories":[7,8,11],"tags":[],"class_list":["post-65080","post","type-post","status-publish","format-standard","has-post-thumbnail","hentry","category-nacionales","category-policiales","category-sociedad"],"_links":{"self":[{"href":"http:\/\/informateesquina.com\/index.php?rest_route=\/wp\/v2\/posts\/65080","targetHints":{"allow":["GET"]}}],"collection":[{"href":"http:\/\/informateesquina.com\/index.php?rest_route=\/wp\/v2\/posts"}],"about":[{"href":"http:\/\/informateesquina.com\/index.php?rest_route=\/wp\/v2\/types\/post"}],"author":[{"embeddable":true,"href":"http:\/\/informateesquina.com\/index.php?rest_route=\/wp\/v2\/users\/3"}],"replies":[{"embeddable":true,"href":"http:\/\/informateesquina.com\/index.php?rest_route=%2Fwp%2Fv2%2Fcomments&post=65080"}],"version-history":[{"count":1,"href":"http:\/\/informateesquina.com\/index.php?rest_route=\/wp\/v2\/posts\/65080\/revisions"}],"predecessor-version":[{"id":65082,"href":"http:\/\/informateesquina.com\/index.php?rest_route=\/wp\/v2\/posts\/65080\/revisions\/65082"}],"wp:featuredmedia":[{"embeddable":true,"href":"http:\/\/informateesquina.com\/index.php?rest_route=\/wp\/v2\/media\/65081"}],"wp:attachment":[{"href":"http:\/\/informateesquina.com\/index.php?rest_route=%2Fwp%2Fv2%2Fmedia&parent=65080"}],"wp:term":[{"taxonomy":"category","embeddable":true,"href":"http:\/\/informateesquina.com\/index.php?rest_route=%2Fwp%2Fv2%2Fcategories&post=65080"},{"taxonomy":"post_tag","embeddable":true,"href":"http:\/\/informateesquina.com\/index.php?rest_route=%2Fwp%2Fv2%2Ftags&post=65080"}],"curies":[{"name":"wp","href":"https:\/\/api.w.org\/{rel}","templated":true}]}}