{"id":65083,"date":"2025-09-26T22:51:49","date_gmt":"2025-09-27T01:51:49","guid":{"rendered":"https:\/\/informateesquina.com\/?p=65083"},"modified":"2025-09-26T22:51:49","modified_gmt":"2025-09-27T01:51:49","slug":"saladas-que-dice-el-informe-forense-sobre-el-joven-que-denuncio-que-fue-abusado","status":"publish","type":"post","link":"http:\/\/informateesquina.com\/?p=65083","title":{"rendered":"Saladas: Qu\u00e9 dice el informe forense sobre el joven que denunci\u00f3 que fue abusado"},"content":{"rendered":"<h1><span style=\"color: #333333; font-size: 15px;\">El hecho ocurri\u00f3 en la localidad de Saladas. Seg\u00fan relat\u00f3 la presunta v\u00edctima, not\u00f3 signos claros de violencia al despertarse despu\u00e9s de haber estado bebiendo con el acusado.<\/span><\/h1>\n<div class=\"fotos-y-videos\">\n<p>&nbsp;<\/p>\n<div class=\"tab-content\">\n<div id=\"fotos\" class=\"tab-pane fade in active\" role=\"tabpanel\"><a class=\"fotos-desarrollo unlink\" title=\"Qu\u00e9 dice el informe forense sobre el joven que denunci\u00f3 que fue abusado \" href=\"https:\/\/www.radiosudamericana.com\/notix\/multimedia\/imagenes\/fotos\/2025-09-26\/569079.jpg\"><img loading=\"lazy\" decoding=\"async\" class=\"img-responsive lazyload center-block\" src=\"https:\/\/www.radiosudamericana.com\/notix\/multimedia\/imagenes\/fotos\/2025-09-26\/569079.jpg_nota.jpg\" alt=\"Qu\u00e9 dice el informe forense sobre el joven que denunci\u00f3 que fue abusado \" width=\"900\" height=\"650\" \/><\/a><\/div>\n<\/div>\n<\/div>\n<p>&nbsp;<\/p>\n<div class=\"cuerpo\">\n<p>Un grave caso de abuso sexual conmociona a la localidad correntina de Saladas, donde un joven de 27 a\u00f1os denunci\u00f3 que fue violado por un amigo de 60 a\u00f1os despu\u00e9s de haber estado bebiendo juntos.<\/p>\n<p>Seg\u00fan su testimonio, al despertar en la casa del acusado not\u00f3 signos claros de violencia y de inmediato se dirigi\u00f3 a la Comisar\u00eda Primera para radicar la denuncia.<\/p>\n<p><strong>El informe forense<\/strong><\/p>\n<p>Tras la denuncia, el Ministerio P\u00fablico Fiscal solicit\u00f3 la intervenci\u00f3n de una m\u00e9dica forense.<strong>\u00a0El resultado fue categ\u00f3rico: el joven presentaba lesiones f\u00edsicas compatibles con un ataque sexual.\u00a0<\/strong>Por la gravedad de las heridas, tuvo que ser trasladado a un hospital para recibir atenci\u00f3n m\u00e9dica.<\/p>\n<p><a class=\"fotos-desarrollo unlink\" title=\"Qu\u00e9 dice el informe forense sobre el joven que denunci\u00f3 que fue abusado \" href=\"https:\/\/www.radiosudamericana.com\/notix\/multimedia\/imagenes\/fotos\/2025-09-26\/288061.jpg\"><img decoding=\"async\" class=\"img-responsive\" src=\"https:\/\/www.radiosudamericana.com\/notix\/multimedia\/imagenes\/fotos\/2025-09-26\/288061.jpg_nota.jpg\" \/><\/a><\/p>\n<h2><strong>Vecinos movilizados<\/strong><\/h2>\n<p>El hecho gener\u00f3 una fuerte indignaci\u00f3n en el barrio Centenario y en distintos sectores de la ciudad. Decenas de vecinos se manifestaron frente a la comisar\u00eda local para exigir justicia, portando carteles y quemando cubiertas como se\u00f1al de protesta.<\/p>\n<p>El comisario inspector Mario Abel Amaro se reuni\u00f3 con los manifestantes y confirm\u00f3 que el acusado hab\u00eda sido detenido.<\/p>\n<h2><strong>La investigaci\u00f3n judicial<\/strong><\/h2>\n<p>El sospechoso, identificado como S. A. S., de 60 a\u00f1os, fue arrestado en su domicilio durante un allanamiento ordenado por el Juzgado de Garant\u00edas. En el procedimiento se secuestraron elementos de inter\u00e9s para la causa.<\/p>\n<p>El hombre qued\u00f3 imputado por abuso sexual con acceso carnal y fue trasladado a la Alcaid\u00eda de la Unidad Regional VII, donde permanece detenido. El caso est\u00e1 bajo la investigaci\u00f3n del fiscal Osvaldo Leonardo, quien contin\u00faa con las diligencias judiciales.<\/p>\n<\/div>\n","protected":false},"excerpt":{"rendered":"<p>El hecho ocurri\u00f3 en la localidad de Saladas. Seg\u00fan relat\u00f3 la presunta v\u00edctima, not\u00f3 signos claros de violencia al despertarse despu\u00e9s de haber estado bebiendo con el acusado. &nbsp; &nbsp; Un grave caso de abuso sexual conmociona a la localidad correntina de Saladas, donde un joven de 27 a\u00f1os denunci\u00f3 que fue violado por un [&hellip;]<\/p>\n","protected":false},"author":3,"featured_media":65084,"comment_status":"open","ping_status":"open","sticky":false,"template":"","format":"standard","meta":{"footnotes":""},"categories":[8,10,11],"tags":[],"class_list":["post-65083","post","type-post","status-publish","format-standard","has-post-thumbnail","hentry","category-policiales","category-provinciales","category-sociedad"],"_links":{"self":[{"href":"http:\/\/informateesquina.com\/index.php?rest_route=\/wp\/v2\/posts\/65083","targetHints":{"allow":["GET"]}}],"collection":[{"href":"http:\/\/informateesquina.com\/index.php?rest_route=\/wp\/v2\/posts"}],"about":[{"href":"http:\/\/informateesquina.com\/index.php?rest_route=\/wp\/v2\/types\/post"}],"author":[{"embeddable":true,"href":"http:\/\/informateesquina.com\/index.php?rest_route=\/wp\/v2\/users\/3"}],"replies":[{"embeddable":true,"href":"http:\/\/informateesquina.com\/index.php?rest_route=%2Fwp%2Fv2%2Fcomments&post=65083"}],"version-history":[{"count":1,"href":"http:\/\/informateesquina.com\/index.php?rest_route=\/wp\/v2\/posts\/65083\/revisions"}],"predecessor-version":[{"id":65085,"href":"http:\/\/informateesquina.com\/index.php?rest_route=\/wp\/v2\/posts\/65083\/revisions\/65085"}],"wp:featuredmedia":[{"embeddable":true,"href":"http:\/\/informateesquina.com\/index.php?rest_route=\/wp\/v2\/media\/65084"}],"wp:attachment":[{"href":"http:\/\/informateesquina.com\/index.php?rest_route=%2Fwp%2Fv2%2Fmedia&parent=65083"}],"wp:term":[{"taxonomy":"category","embeddable":true,"href":"http:\/\/informateesquina.com\/index.php?rest_route=%2Fwp%2Fv2%2Fcategories&post=65083"},{"taxonomy":"post_tag","embeddable":true,"href":"http:\/\/informateesquina.com\/index.php?rest_route=%2Fwp%2Fv2%2Ftags&post=65083"}],"curies":[{"name":"wp","href":"https:\/\/api.w.org\/{rel}","templated":true}]}}