{"id":65731,"date":"2025-11-03T08:32:48","date_gmt":"2025-11-03T11:32:48","guid":{"rendered":"https:\/\/informateesquina.com\/?p=65731"},"modified":"2025-11-03T08:32:48","modified_gmt":"2025-11-03T11:32:48","slug":"javier-milei-reune-este-lunes-a-su-nuevo-gabinete","status":"publish","type":"post","link":"http:\/\/informateesquina.com\/?p=65731","title":{"rendered":"Javier Milei re\u00fane este lunes a su nuevo Gabinete"},"content":{"rendered":"<div>\n<p>El Presidente encabezar\u00e1 el primer encuentro junto a su flamante equipo de ministros en Casa Rosada.<\/p>\n<figure class=\"big-column\"><picture><img loading=\"lazy\" decoding=\"async\" class=\"pic\" src=\"https:\/\/www.diarioepoca.com\/content\/bucket\/9\/1457369w850h566c.webp.webp\" alt=\"\" width=\"850\" height=\"566\" \/><\/picture><\/figure>\n<div class=\"main-text\">\n<div class=\"social\">\n<div class=\"share\"><\/div>\n<\/div>\n<p>El presidente Javier Milei reunir\u00e1 este lunes por primera vez a su nuevo Gabinete en Casa Rosada e iniciar\u00e1 la segunda etapa de su gesti\u00f3n.<\/p>\n<p>As\u00ed lo confirmaron a la agencia Noticias Argentinas fuentes de Casa Rosada, y detallaron que el encuentro ser\u00e1 a las 9.30.<\/p>\n<p>Ser\u00e1 la reuni\u00f3n inaugural de los flamantes integrantes del equipo: Manuel Adorni como jefe de Gabinete y Diego Santilli como ministro del Interior, en reemplazo de Guillermo Francos y Lisandro Catal\u00e1n, respectivamente.<\/p>\n<p>Est\u00e1 previsto que tambi\u00e9n asista el resto de los funcionarios, incluido el canciller Pablo Quirno, para quien tambi\u00e9n ser\u00e1 su primera reuni\u00f3n de Gabinete.<\/p>\n<p>La decisi\u00f3n de anunciar a Santilli la tom\u00f3 Milei este domingo en la Quinta de Olivos, con la idea de arrancar la semana con los principales casilleros del equipo completo, tras la salida de Catal\u00e1n.<\/p>\n<p>Con este nombramiento, se confirma que el asesor Santiago Caputo seguir\u00e1 con ese rol dentro de Casa Rosada, sin firma de ministro, pero con influencia en distintas reparticiones gubernamentales.<\/p>\n<p>En las \u00faltimas horas se hab\u00eda especulado con que el integrante del &#8220;tri\u00e1ngulo de hierro&#8221; podr\u00eda asumir un rol m\u00e1s formal dentro de la estructura libertaria, pero por el momento mantendr\u00e1 su estatus.<\/p>\n<p>El Gabinete de Milei tendr\u00e1 que volver a modificarse en breve, ya que tanto la ministra de Seguridad, Patricia Bullrich, como el ministro de Defensa, Luis Petri, saldr\u00e1n del equipo para asumir sus bancas en el Congreso.<\/p>\n<p>En el caso de Santilli y Adorni, electos diputado nacional y porte\u00f1o, se descuenta que no jurar\u00e1n por sus cargos para dedicarse a la gesti\u00f3n.<\/p>\n<p>\u00e9poca<\/p>\n<\/div>\n<\/div>\n","protected":false},"excerpt":{"rendered":"<p>El Presidente encabezar\u00e1 el primer encuentro junto a su flamante equipo de ministros en Casa Rosada. El presidente Javier Milei reunir\u00e1 este lunes por primera vez a su nuevo Gabinete en Casa Rosada e iniciar\u00e1 la segunda etapa de su gesti\u00f3n. As\u00ed lo confirmaron a la agencia Noticias Argentinas fuentes de Casa Rosada, y detallaron [&hellip;]<\/p>\n","protected":false},"author":3,"featured_media":65732,"comment_status":"open","ping_status":"open","sticky":false,"template":"","format":"standard","meta":{"footnotes":""},"categories":[9],"tags":[],"class_list":["post-65731","post","type-post","status-publish","format-standard","has-post-thumbnail","hentry","category-politica"],"_links":{"self":[{"href":"http:\/\/informateesquina.com\/index.php?rest_route=\/wp\/v2\/posts\/65731","targetHints":{"allow":["GET"]}}],"collection":[{"href":"http:\/\/informateesquina.com\/index.php?rest_route=\/wp\/v2\/posts"}],"about":[{"href":"http:\/\/informateesquina.com\/index.php?rest_route=\/wp\/v2\/types\/post"}],"author":[{"embeddable":true,"href":"http:\/\/informateesquina.com\/index.php?rest_route=\/wp\/v2\/users\/3"}],"replies":[{"embeddable":true,"href":"http:\/\/informateesquina.com\/index.php?rest_route=%2Fwp%2Fv2%2Fcomments&post=65731"}],"version-history":[{"count":1,"href":"http:\/\/informateesquina.com\/index.php?rest_route=\/wp\/v2\/posts\/65731\/revisions"}],"predecessor-version":[{"id":65733,"href":"http:\/\/informateesquina.com\/index.php?rest_route=\/wp\/v2\/posts\/65731\/revisions\/65733"}],"wp:featuredmedia":[{"embeddable":true,"href":"http:\/\/informateesquina.com\/index.php?rest_route=\/wp\/v2\/media\/65732"}],"wp:attachment":[{"href":"http:\/\/informateesquina.com\/index.php?rest_route=%2Fwp%2Fv2%2Fmedia&parent=65731"}],"wp:term":[{"taxonomy":"category","embeddable":true,"href":"http:\/\/informateesquina.com\/index.php?rest_route=%2Fwp%2Fv2%2Fcategories&post=65731"},{"taxonomy":"post_tag","embeddable":true,"href":"http:\/\/informateesquina.com\/index.php?rest_route=%2Fwp%2Fv2%2Ftags&post=65731"}],"curies":[{"name":"wp","href":"https:\/\/api.w.org\/{rel}","templated":true}]}}