{"id":65757,"date":"2025-11-04T16:43:56","date_gmt":"2025-11-04T19:43:56","guid":{"rendered":"https:\/\/informateesquina.com\/?p=65757"},"modified":"2025-11-04T16:43:56","modified_gmt":"2025-11-04T19:43:56","slug":"desde-este-martes-se-activa-en-corrientes-operacion-fronteras","status":"publish","type":"post","link":"http:\/\/informateesquina.com\/?p=65757","title":{"rendered":"Desde este martes se activa en Corrientes &#8220;Operaci\u00f3n Fronteras&#8221;"},"content":{"rendered":"<div>\n<p>El dispositivo se da en el marco de la coordinaci\u00f3n internacional entre fuerzas de seguridad de los pa\u00edses Brasil, Uruguay y Argentina. Ser\u00e1 desde este 4 de noviembre hasta el 12 inclusive. Buscan garantizar el mantenimiento del orden p\u00fablico, la seguridad vial y la prevenci\u00f3n del delito.<\/p>\n<figure class=\"big-column\"><picture><img loading=\"lazy\" decoding=\"async\" class=\"pic\" src=\"https:\/\/www.diarioepoca.com\/content\/bucket\/0\/1457590w850h567c.jpg.webp\" alt=\"\" width=\"850\" height=\"567\" \/><\/picture><\/figure>\n<div class=\"main-text\">\n<div class=\"social\">\n<div class=\"share\"><\/div>\n<\/div>\n<p>La Polic\u00eda de Corrientes lleva adelante un Dispositivo Especial de Seguridad &#8220;Operaci\u00f3n Fronteras\/Divisas Seguras \u2013 Operaciones Simult\u00e1neas 2025&#8243;desde este 4\u00a0 de noviembre al 12 conforme a lo establecido en el Plan Operacional JP N\u00b024\/25. Se da en el marco de la coordinaci\u00f3n internacional entre fuerzas de seguridad de los pa\u00edses Brasil, Uruguay y Argentina.<\/p>\n<p>El operativo tendr\u00e1 como objetivo principal garantizar el mantenimiento del orden p\u00fablico, la seguridad vial y la prevenci\u00f3n del delito, mediante la distribuci\u00f3n estrat\u00e9gica de recursos humanos y materiales, bajo la supervisi\u00f3n del Comando Superior Policial y de las Unidades Regionales III (Curuz\u00fa Cuati\u00e1), IV (Paso de los Libres) y V (Santo Tom\u00e9).<\/p>\n<p>Participaran activamente dependencias pertenecientes a la Direcci\u00f3n General de Coordinaci\u00f3n e Interior, Direcci\u00f3n General de Seguridad Rural y Ecol\u00f3gica, Direcci\u00f3n General de Seguridad Vial y Direcci\u00f3n General de Grupos Especiales, adem\u00e1s del personal de la Divisi\u00f3n Cient\u00edfica y Pericias.<\/p>\n<div class=\"left medium m_image\">\n<figure><picture><source srcset=\"https:\/\/www.diarioepoca.com\/content\/bucket\/5\/1457585w380h215c.jpg.webp\" type=\"image\/webp\" media=\"(min-width: 640px)\" \/><source srcset=\"https:\/\/www.diarioepoca.com\/content\/bucket\/5\/1457585w440h249c.jpg.webp\" type=\"image\/webp\" media=\"(min-width: 300px)\" \/><source srcset=\"https:\/\/www.diarioepoca.com\/content\/bucket\/5\/1457585w380h215c.jpg\" media=\"(min-width: 300px)\" \/><img loading=\"lazy\" decoding=\"async\" class=\"pic\" src=\"https:\/\/www.diarioepoca.com\/content\/bucket\/5\/1457585w380h215c.jpg.webp\" alt=\"\" width=\"380\" height=\"215\" \/><\/picture><\/figure>\n<\/div>\n<p>Durante el desarrollo del dispositivo, se implementar\u00e1n operativos terrestres coordinados sobre la Ruta Nacional N\u00b014 y la Ruta Provincial N\u00b094, abarcando m\u00e1s de 400 kil\u00f3metros dentro del territorio provincial, desde la localidad de Mocoret\u00e1 hasta el l\u00edmite con la provincia de Misiones, garantizando la cobertura preventiva en las principales v\u00edas de acceso y tr\u00e1nsito fronterizo.<\/p>\n<p>Asimismo, se establecer\u00e1 un corredor sanitario, con personal m\u00e9dico y de apoyo disponible durante todo el operativo, con el fin de brindar respuesta inmediata ante cualquier eventualidad, asegurando un traslado r\u00e1pido y seguro hacia los centros asistenciales.<\/p>\n<p>Cabe destacar que las acciones se desarrollaran con profesionalismo, responsabilidad y compromiso del personal policial interviniente en el cumplimiento de las misiones asignadas.<\/p>\n<p>\u00c9POCA<\/p>\n<\/div>\n<\/div>\n","protected":false},"excerpt":{"rendered":"<p>El dispositivo se da en el marco de la coordinaci\u00f3n internacional entre fuerzas de seguridad de los pa\u00edses Brasil, Uruguay y Argentina. Ser\u00e1 desde este 4 de noviembre hasta el 12 inclusive. Buscan garantizar el mantenimiento del orden p\u00fablico, la seguridad vial y la prevenci\u00f3n del delito. La Polic\u00eda de Corrientes lleva adelante un Dispositivo [&hellip;]<\/p>\n","protected":false},"author":3,"featured_media":65758,"comment_status":"open","ping_status":"open","sticky":false,"template":"","format":"standard","meta":{"footnotes":""},"categories":[8],"tags":[],"class_list":["post-65757","post","type-post","status-publish","format-standard","has-post-thumbnail","hentry","category-policiales"],"_links":{"self":[{"href":"http:\/\/informateesquina.com\/index.php?rest_route=\/wp\/v2\/posts\/65757","targetHints":{"allow":["GET"]}}],"collection":[{"href":"http:\/\/informateesquina.com\/index.php?rest_route=\/wp\/v2\/posts"}],"about":[{"href":"http:\/\/informateesquina.com\/index.php?rest_route=\/wp\/v2\/types\/post"}],"author":[{"embeddable":true,"href":"http:\/\/informateesquina.com\/index.php?rest_route=\/wp\/v2\/users\/3"}],"replies":[{"embeddable":true,"href":"http:\/\/informateesquina.com\/index.php?rest_route=%2Fwp%2Fv2%2Fcomments&post=65757"}],"version-history":[{"count":1,"href":"http:\/\/informateesquina.com\/index.php?rest_route=\/wp\/v2\/posts\/65757\/revisions"}],"predecessor-version":[{"id":65759,"href":"http:\/\/informateesquina.com\/index.php?rest_route=\/wp\/v2\/posts\/65757\/revisions\/65759"}],"wp:featuredmedia":[{"embeddable":true,"href":"http:\/\/informateesquina.com\/index.php?rest_route=\/wp\/v2\/media\/65758"}],"wp:attachment":[{"href":"http:\/\/informateesquina.com\/index.php?rest_route=%2Fwp%2Fv2%2Fmedia&parent=65757"}],"wp:term":[{"taxonomy":"category","embeddable":true,"href":"http:\/\/informateesquina.com\/index.php?rest_route=%2Fwp%2Fv2%2Fcategories&post=65757"},{"taxonomy":"post_tag","embeddable":true,"href":"http:\/\/informateesquina.com\/index.php?rest_route=%2Fwp%2Fv2%2Ftags&post=65757"}],"curies":[{"name":"wp","href":"https:\/\/api.w.org\/{rel}","templated":true}]}}