{"id":65760,"date":"2025-11-04T23:38:00","date_gmt":"2025-11-05T02:38:00","guid":{"rendered":"https:\/\/informateesquina.com\/?p=65760"},"modified":"2025-11-04T23:38:00","modified_gmt":"2025-11-05T02:38:00","slug":"santo-tome-buscan-a-un-hombre-que-intento-abusar-de-una-mujer-discapacitada","status":"publish","type":"post","link":"http:\/\/informateesquina.com\/?p=65760","title":{"rendered":"Santo Tom\u00e9: buscan a un hombre que intent\u00f3 abusar de una mujer discapacitada"},"content":{"rendered":"<div>\n<p class=\"copete\"><a class=\"fotos-desarrollo unlink\" title=\"Buscan a un hombre que intent\u00f3 abusar de una mujer discapacitada \" href=\"https:\/\/www.radiosudamericana.com\/notix\/multimedia\/imagenes\/fotos\/2025-11-04\/945064.jpg\"><img loading=\"lazy\" decoding=\"async\" class=\"img-responsive lazyload center-block\" src=\"https:\/\/www.radiosudamericana.com\/notix\/multimedia\/imagenes\/fotos\/2025-11-04\/945064.jpg_nota.jpg\" alt=\"Buscan a un hombre que intent\u00f3 abusar de una mujer discapacitada \" width=\"900\" height=\"581\" \/><\/a><\/p>\n<\/div>\n<p>&nbsp;<\/p>\n<div class=\"cuerpo\">\n<p>Fuentes judiciales confirmaron a este medio que la Polic\u00eda de Santo Tom\u00e9, Corrientes,\u00a0 busca intensamente a un hombre acusado de intentar abusar sexualmente de una mujer con discapacidad en una chacra de la zona rural conocida como Primera Secci\u00f3n.<\/p>\n<p>&nbsp;<\/p>\n<p>Seg\u00fan los primeros datos, el sospechoso habr\u00eda irrumpido el domingo por la noche en la vivienda donde reside la v\u00edctima, una mujer de 30 a\u00f1os con signos de retraso madurativo.<\/p>\n<p>De acuerdo al testimonio de los familiares, el agresor ingres\u00f3 armado con un cuchillo e intent\u00f3 secuestrarla, pero fue sorprendido y repelido por los allegados de la mujer.<\/p>\n<p>La causa se encuentra en investigaci\u00f3n bajo la intervenci\u00f3n de la Comisar\u00eda de la Mujer y el Ministerio P\u00fablico Fiscal de Santo Tom\u00e9, mientras contin\u00faan los operativos de b\u00fasqueda del acusado.<\/p>\n<\/div>\n","protected":false},"excerpt":{"rendered":"<p>&nbsp; Fuentes judiciales confirmaron a este medio que la Polic\u00eda de Santo Tom\u00e9, Corrientes,\u00a0 busca intensamente a un hombre acusado de intentar abusar sexualmente de una mujer con discapacidad en una chacra de la zona rural conocida como Primera Secci\u00f3n. &nbsp; Seg\u00fan los primeros datos, el sospechoso habr\u00eda irrumpido el domingo por la noche en [&hellip;]<\/p>\n","protected":false},"author":3,"featured_media":65761,"comment_status":"open","ping_status":"open","sticky":false,"template":"","format":"standard","meta":{"footnotes":""},"categories":[8,10],"tags":[],"class_list":["post-65760","post","type-post","status-publish","format-standard","has-post-thumbnail","hentry","category-policiales","category-provinciales"],"_links":{"self":[{"href":"http:\/\/informateesquina.com\/index.php?rest_route=\/wp\/v2\/posts\/65760","targetHints":{"allow":["GET"]}}],"collection":[{"href":"http:\/\/informateesquina.com\/index.php?rest_route=\/wp\/v2\/posts"}],"about":[{"href":"http:\/\/informateesquina.com\/index.php?rest_route=\/wp\/v2\/types\/post"}],"author":[{"embeddable":true,"href":"http:\/\/informateesquina.com\/index.php?rest_route=\/wp\/v2\/users\/3"}],"replies":[{"embeddable":true,"href":"http:\/\/informateesquina.com\/index.php?rest_route=%2Fwp%2Fv2%2Fcomments&post=65760"}],"version-history":[{"count":1,"href":"http:\/\/informateesquina.com\/index.php?rest_route=\/wp\/v2\/posts\/65760\/revisions"}],"predecessor-version":[{"id":65762,"href":"http:\/\/informateesquina.com\/index.php?rest_route=\/wp\/v2\/posts\/65760\/revisions\/65762"}],"wp:featuredmedia":[{"embeddable":true,"href":"http:\/\/informateesquina.com\/index.php?rest_route=\/wp\/v2\/media\/65761"}],"wp:attachment":[{"href":"http:\/\/informateesquina.com\/index.php?rest_route=%2Fwp%2Fv2%2Fmedia&parent=65760"}],"wp:term":[{"taxonomy":"category","embeddable":true,"href":"http:\/\/informateesquina.com\/index.php?rest_route=%2Fwp%2Fv2%2Fcategories&post=65760"},{"taxonomy":"post_tag","embeddable":true,"href":"http:\/\/informateesquina.com\/index.php?rest_route=%2Fwp%2Fv2%2Ftags&post=65760"}],"curies":[{"name":"wp","href":"https:\/\/api.w.org\/{rel}","templated":true}]}}