{"id":65763,"date":"2025-11-04T23:39:25","date_gmt":"2025-11-05T02:39:25","guid":{"rendered":"https:\/\/informateesquina.com\/?p=65763"},"modified":"2025-11-04T23:39:25","modified_gmt":"2025-11-05T02:39:25","slug":"corrientes-disputa-entre-bandas-narco-dejo-un-joven-muerto","status":"publish","type":"post","link":"http:\/\/informateesquina.com\/?p=65763","title":{"rendered":"Corrientes: disputa entre bandas narco dej\u00f3 un joven muerto"},"content":{"rendered":"<div>\n<p class=\"copete\"><a class=\"fotos-desarrollo unlink\" title=\"B\u00ba Paloma de la Paz: disputa entre bandas narco dej\u00f3 un joven muerto\" href=\"https:\/\/www.radiosudamericana.com\/notix\/multimedia\/imagenes\/fotos\/2025-11-04\/884196.jpg\"><img loading=\"lazy\" decoding=\"async\" class=\"img-responsive lazyload center-block\" src=\"https:\/\/www.radiosudamericana.com\/notix\/multimedia\/imagenes\/fotos\/2025-11-04\/884196.jpg_nota.jpg\" alt=\"B\u00ba Paloma de la Paz: disputa entre bandas narco dej\u00f3 un joven muerto\" width=\"900\" height=\"506\" \/><\/a><\/p>\n<\/div>\n<p>&nbsp;<\/p>\n<div class=\"audios-desarrollo\">\n<div id=\"audio-1\"><\/div>\n<\/div>\n<div class=\"cuerpo\">\n<p>Tras un enfrentamiento a tiros en el barrio Paloma de la Paz, muri\u00f3 un joven de 23 a\u00f1os de apellido Centuri\u00f3n y un adolescente de 17 result\u00f3 con dos heridas de balas por lo que tuvo que ser trasladado de urgencia al Hospital Escuela.<\/p>\n<p><a class=\"fotos-desarrollo unlink\" title=\"B\u00ba Paloma de la Paz: disputa entre bandas narco dej\u00f3 un joven muerto\" href=\"https:\/\/www.radiosudamericana.com\/notix\/multimedia\/imagenes\/fotos\/2025-11-04\/615401.jpg\"><img decoding=\"async\" class=\"img-responsive\" src=\"https:\/\/www.radiosudamericana.com\/notix\/multimedia\/imagenes\/fotos\/2025-11-04\/615401.jpg_nota.jpg\" \/><\/a><\/p>\n<p>La cronista de Radio Sudamericana inform\u00f3 que el violento hecho ocurri\u00f3 cerca de la 1:00 de la madrugada de este martes 4 de noviembre en la intersecci\u00f3n de las calles Francia y Valdepe\u00f1as.<\/p>\n<p>&nbsp;<\/p>\n<p>De acuerdo al informe policial dos personas a bordo de una motocicleta ingresaron en una zona de pasillos donde se encontraban un grupo de j\u00f3venes y de forma sorpresiva dispararon hacia los mismos, provocando la muerte de uno de ellos y las heridas del menor de edad.<\/p>\n<p>Los primeros datos indican que el conflicto armado se produjo entre bandas narcos de los barrios Loma Linda y Paloma de la Paz. Los agresores ya\u00a0 habr\u00edan sido\u00a0identificados.<\/p>\n<p>&nbsp;<\/p>\n<\/div>\n","protected":false},"excerpt":{"rendered":"<p>&nbsp; Tras un enfrentamiento a tiros en el barrio Paloma de la Paz, muri\u00f3 un joven de 23 a\u00f1os de apellido Centuri\u00f3n y un adolescente de 17 result\u00f3 con dos heridas de balas por lo que tuvo que ser trasladado de urgencia al Hospital Escuela. La cronista de Radio Sudamericana inform\u00f3 que el violento hecho [&hellip;]<\/p>\n","protected":false},"author":3,"featured_media":65764,"comment_status":"open","ping_status":"open","sticky":false,"template":"","format":"standard","meta":{"footnotes":""},"categories":[8,10],"tags":[],"class_list":["post-65763","post","type-post","status-publish","format-standard","has-post-thumbnail","hentry","category-policiales","category-provinciales"],"_links":{"self":[{"href":"http:\/\/informateesquina.com\/index.php?rest_route=\/wp\/v2\/posts\/65763","targetHints":{"allow":["GET"]}}],"collection":[{"href":"http:\/\/informateesquina.com\/index.php?rest_route=\/wp\/v2\/posts"}],"about":[{"href":"http:\/\/informateesquina.com\/index.php?rest_route=\/wp\/v2\/types\/post"}],"author":[{"embeddable":true,"href":"http:\/\/informateesquina.com\/index.php?rest_route=\/wp\/v2\/users\/3"}],"replies":[{"embeddable":true,"href":"http:\/\/informateesquina.com\/index.php?rest_route=%2Fwp%2Fv2%2Fcomments&post=65763"}],"version-history":[{"count":1,"href":"http:\/\/informateesquina.com\/index.php?rest_route=\/wp\/v2\/posts\/65763\/revisions"}],"predecessor-version":[{"id":65765,"href":"http:\/\/informateesquina.com\/index.php?rest_route=\/wp\/v2\/posts\/65763\/revisions\/65765"}],"wp:featuredmedia":[{"embeddable":true,"href":"http:\/\/informateesquina.com\/index.php?rest_route=\/wp\/v2\/media\/65764"}],"wp:attachment":[{"href":"http:\/\/informateesquina.com\/index.php?rest_route=%2Fwp%2Fv2%2Fmedia&parent=65763"}],"wp:term":[{"taxonomy":"category","embeddable":true,"href":"http:\/\/informateesquina.com\/index.php?rest_route=%2Fwp%2Fv2%2Fcategories&post=65763"},{"taxonomy":"post_tag","embeddable":true,"href":"http:\/\/informateesquina.com\/index.php?rest_route=%2Fwp%2Fv2%2Ftags&post=65763"}],"curies":[{"name":"wp","href":"https:\/\/api.w.org\/{rel}","templated":true}]}}