{"id":65769,"date":"2025-11-04T23:43:43","date_gmt":"2025-11-05T02:43:43","guid":{"rendered":"https:\/\/informateesquina.com\/?p=65769"},"modified":"2025-11-04T23:43:43","modified_gmt":"2025-11-05T02:43:43","slug":"juanita-tinelli-rompio-relacion-con-su-padre-intentar-vivir-sin-mi-papa-aunque-el-este-con-vida","status":"publish","type":"post","link":"http:\/\/informateesquina.com\/?p=65769","title":{"rendered":"Juanita Tinelli rompi\u00f3 relaci\u00f3n con su padre: &#8220;Intentar vivir sin mi pap\u00e1 aunque \u00e9l est\u00e9 con vida&#8221;"},"content":{"rendered":"<div>\n<p class=\"copete\"><strong>Juanita Tinelli <\/strong>redobl\u00f3 el lunes de esta semana<strong>\u00a0su mensaje con respecto al distanciamiento de su padre<\/strong>, Marcelo Tinelli,\u00a0y\u00a0<strong>public\u00f3 una serie de historias\u00a0<\/strong>en sus perfiles de redes sociales para confirmar la ruptura de relaciones con el patriarca del clan.<\/p>\n<\/div>\n<div class=\"cuerpo\">\n<p>&nbsp;<\/p>\n<p><strong>&#8220;Intentar vivir sin mi pap\u00e1, aunque el este con vida, es la elecci\u00f3n de vida m\u00e1s dif\u00edcil que me ha tocado aprender&#8221;<\/strong>, escribi\u00f3 la joven de 22 a\u00f1os al compartir un video en Tik Tok, lo que por fin dej\u00f3 en claro su distanciamiento de Marcelo Tinelli.<\/p>\n<p>La tercera hija de Marcelo Tinelli -despu\u00e9s de Micaela y Candelaria-, eligi\u00f3 Instagram para publicar un extenso mensaje d\u00edas atr\u00e1s en el que se refiri\u00f3 a las amenazas que recibi\u00f3, y que\u00a0luego se filtraron en los medios.<\/p>\n<p><a class=\"fotos-desarrollo unlink\" title=\"Juanita Tinelli rompi\u00f3 relaci\u00f3n con su padre: Intentar vivir sin mi pap\u00e1 aunque \u00e9l est\u00e9 con vida\" href=\"https:\/\/www.radiosudamericana.com\/notix\/multimedia\/imagenes\/fotos\/2025-11-04\/992989.png\"><img decoding=\"async\" class=\"img-responsive\" src=\"https:\/\/www.radiosudamericana.com\/notix\/multimedia\/imagenes\/fotos\/2025-11-04\/992989.png_nota.png\" \/><\/a><\/p>\n<p><strong>&#8220;Cuando me critican por lo ingenua que puedo llegar a ser, pero yo crec\u00ed perdonando a mi pap\u00e1 creyendo que \u00e9l cambiaria por m\u00ed&#8221;<\/strong>, acot\u00f3 la joven en otro video de Tik Tok donde no se explay\u00f3 en los motivos de su alejamiento.<\/p>\n<p>Mientras sus hermanas extienden su actividad en el mundo del entretenimiento o del comercio, Juanita Tinelli se encuentra en medio de una encrucijada con respecto a\u00a0<strong>su futuro laboral<\/strong>, sea o no cercano a los medios de comunicaci\u00f3n.<\/p>\n<p><a class=\"fotos-desarrollo unlink\" title=\"Juanita Tinelli rompi\u00f3 relaci\u00f3n con su padre: Intentar vivir sin mi pap\u00e1 aunque \u00e9l est\u00e9 con vida\" href=\"https:\/\/www.radiosudamericana.com\/notix\/multimedia\/imagenes\/fotos\/2025-11-04\/176453.png\"><img decoding=\"async\" class=\"img-responsive\" src=\"https:\/\/www.radiosudamericana.com\/notix\/multimedia\/imagenes\/fotos\/2025-11-04\/176453.png_nota.png\" \/><\/a><\/p>\n<p>De hecho, a juzgar por sus declaraciones de esta semana parecer\u00eda que la hija menor de Marcelo Tinelli no tiene intenci\u00f3n de ser asociada con \u00e9l de manera directa, y en cambio le dedic\u00f3 un cari\u00f1oso posteo en Tik Tok a su madre, Paula Robles.<\/p>\n<p><strong>&#8220;Para el mundo eres mi madre, para m\u00ed eres mi mundo&#8221;<\/strong>, expres\u00f3 Juanita con una foto de archivo de ella y la segunda esposa de Marcelo Tinelli.<\/p>\n<p><a class=\"fotos-desarrollo unlink\" title=\"Juanita Tinelli rompi\u00f3 relaci\u00f3n con su padre: Intentar vivir sin mi pap\u00e1 aunque \u00e9l est\u00e9 con vida\" href=\"https:\/\/www.radiosudamericana.com\/notix\/multimedia\/imagenes\/fotos\/2025-11-04\/791389.png\"><img decoding=\"async\" class=\"img-responsive\" src=\"https:\/\/www.radiosudamericana.com\/notix\/multimedia\/imagenes\/fotos\/2025-11-04\/791389.png_nota.png\" \/><\/a><\/p>\n<p>El conductor y due\u00f1o de la productora La Flia es padre de cinco hijos: Micaela y Candelaria, a quienes tuvo con Soledad Aquino; Francisco y Juana, fruto de su relaci\u00f3n con Paula Robles; y Lorenzo, a quien comparte con Guillermina Vald\u00e9s.<\/p>\n<\/div>\n","protected":false},"excerpt":{"rendered":"<p>Juanita Tinelli redobl\u00f3 el lunes de esta semana\u00a0su mensaje con respecto al distanciamiento de su padre, Marcelo Tinelli,\u00a0y\u00a0public\u00f3 una serie de historias\u00a0en sus perfiles de redes sociales para confirmar la ruptura de relaciones con el patriarca del clan. &nbsp; &#8220;Intentar vivir sin mi pap\u00e1, aunque el este con vida, es la elecci\u00f3n de vida m\u00e1s [&hellip;]<\/p>\n","protected":false},"author":3,"featured_media":65770,"comment_status":"open","ping_status":"open","sticky":false,"template":"","format":"standard","meta":{"footnotes":""},"categories":[4],"tags":[],"class_list":["post-65769","post","type-post","status-publish","format-standard","has-post-thumbnail","hentry","category-espectaculos"],"_links":{"self":[{"href":"http:\/\/informateesquina.com\/index.php?rest_route=\/wp\/v2\/posts\/65769","targetHints":{"allow":["GET"]}}],"collection":[{"href":"http:\/\/informateesquina.com\/index.php?rest_route=\/wp\/v2\/posts"}],"about":[{"href":"http:\/\/informateesquina.com\/index.php?rest_route=\/wp\/v2\/types\/post"}],"author":[{"embeddable":true,"href":"http:\/\/informateesquina.com\/index.php?rest_route=\/wp\/v2\/users\/3"}],"replies":[{"embeddable":true,"href":"http:\/\/informateesquina.com\/index.php?rest_route=%2Fwp%2Fv2%2Fcomments&post=65769"}],"version-history":[{"count":1,"href":"http:\/\/informateesquina.com\/index.php?rest_route=\/wp\/v2\/posts\/65769\/revisions"}],"predecessor-version":[{"id":65771,"href":"http:\/\/informateesquina.com\/index.php?rest_route=\/wp\/v2\/posts\/65769\/revisions\/65771"}],"wp:featuredmedia":[{"embeddable":true,"href":"http:\/\/informateesquina.com\/index.php?rest_route=\/wp\/v2\/media\/65770"}],"wp:attachment":[{"href":"http:\/\/informateesquina.com\/index.php?rest_route=%2Fwp%2Fv2%2Fmedia&parent=65769"}],"wp:term":[{"taxonomy":"category","embeddable":true,"href":"http:\/\/informateesquina.com\/index.php?rest_route=%2Fwp%2Fv2%2Fcategories&post=65769"},{"taxonomy":"post_tag","embeddable":true,"href":"http:\/\/informateesquina.com\/index.php?rest_route=%2Fwp%2Fv2%2Ftags&post=65769"}],"curies":[{"name":"wp","href":"https:\/\/api.w.org\/{rel}","templated":true}]}}