{"id":65772,"date":"2025-11-04T23:46:30","date_gmt":"2025-11-05T02:46:30","guid":{"rendered":"https:\/\/informateesquina.com\/?p=65772"},"modified":"2025-11-04T23:46:30","modified_gmt":"2025-11-05T02:46:30","slug":"el-exnovio-de-lourdes-fernandez-fue-procesado-con-prision-preventiva","status":"publish","type":"post","link":"http:\/\/informateesquina.com\/?p=65772","title":{"rendered":"El exnovio de Lourdes Fern\u00e1ndez fue procesado con prisi\u00f3n preventiva"},"content":{"rendered":"<div>\n<p>Leandro Garc\u00eda G\u00f3mez, expareja de\u00a0Lourdes Fern\u00e1ndez de Bandana, fue procesado con prisi\u00f3n preventiva por el juez Diego Slupsky. El empresario fue imputado por lesiones, violencia de g\u00e9nero y privaci\u00f3n ilegitima de la libertad.<\/p>\n<p>&nbsp;<\/p>\n<p>Tras la decisi\u00f3n de la Justicia, Garc\u00eda G\u00f3mez continuar\u00e1 detenido con un\u00a0embargo de $15 millones. \u201cA tal fin int\u00edmese al procesado a que, en el t\u00e9rmino de 72 horas de adquirida firmeza la presente, informe si tiene bienes para dar a embargo, haci\u00e9ndole saber que en caso contrario\u00a0se dispondr\u00e1 su inhibici\u00f3n general de bienes\u201d, reza el documento judicial.<\/p>\n<\/div>\n<p>&nbsp;<\/p>\n<div class=\"fotos-y-videos\">\n<div class=\"tab-content\">\n<div id=\"fotos\" class=\"tab-pane fade in active\" role=\"tabpanel\"><a class=\"fotos-desarrollo unlink\" title=\"El exnovio de Lourdes Fern\u00e1ndez fue procesado con prisi\u00f3n preventiva\" href=\"https:\/\/www.radiosudamericana.com\/notix\/multimedia\/imagenes\/fotos\/2025-11-04\/857745.jpg\"><img loading=\"lazy\" decoding=\"async\" class=\"img-responsive lazyload center-block\" src=\"https:\/\/www.radiosudamericana.com\/notix\/multimedia\/imagenes\/fotos\/2025-11-04\/857745.jpg_nota.jpg\" alt=\"El exnovio de Lourdes Fern\u00e1ndez fue procesado con prisi\u00f3n preventiva\" width=\"900\" height=\"436\" \/><\/a><\/div>\n<\/div>\n<\/div>\n<p>&nbsp;<\/p>\n<div class=\"cuerpo\">\n<p>D\u00edas atr\u00e1s, la justicia de la\u00a0Ciudad de Buenos Aires\u00a0hab\u00eda rechazado su\u00a0excarcelaci\u00f3n.\u00a0Para esta decisi\u00f3n, el juez consider\u00f3 que existen\u00a0riesgos procesales de fuga, especialmente por los antecedentes penales del acusado.<\/p>\n<p>Lourdes de Bandana cont\u00f3 qu\u00e9 hac\u00eda en el departamento de su exnovio cuando la encontr\u00f3 la polic\u00eda<\/p>\n<p>Lourdes Fern\u00e1ndez\u00a0cont\u00f3 qu\u00e9 hac\u00eda en el departamento de su exnovio,\u00a0Leandro Garc\u00eda G\u00f3mez, cuando la encontr\u00f3 la polic\u00eda la semana pasada luego de que su mam\u00e1 hiciera una\u00a0denuncia.<\/p>\n<p>La cantante dio detalles durante una transmisi\u00f3n en vivo con\u00a0Fabiana Cantilo\u00a0a trav\u00e9s de Instagram. En ese streaming tambi\u00e9n opin\u00f3 de la decisi\u00f3n de la Justicia de\u00a0rechazar la excarcelaci\u00f3n\u00a0del acusado.<\/p>\n<p><a class=\"fotos-desarrollo unlink\" title=\"El exnovio de Lourdes Fern\u00e1ndez fue procesado con prisi\u00f3n preventiva\" href=\"https:\/\/www.radiosudamericana.com\/notix\/multimedia\/imagenes\/fotos\/2025-11-04\/318236.jpg\"><img decoding=\"async\" class=\"img-responsive\" src=\"https:\/\/www.radiosudamericana.com\/notix\/multimedia\/imagenes\/fotos\/2025-11-04\/318236.jpg_nota.jpg\" \/><\/a><\/p>\n<p>En el momento en que Lourdes dijo que \u201chace rato\u201d est\u00e1 separada de Leandro, Fabiana le pregunt\u00f3:\u00a0\u201c\u00bfY qu\u00e9 hac\u00edas en el cuarto del se\u00f1or?\u201c. Ante eso, la cantante respondi\u00f3:\u00a0\u201dFue su cumplea\u00f1os&#8221;.<\/p>\n<p>Luego, la Bandana relat\u00f3: \u201cEl domingo a la noche me agarr\u00f3\u00a0una fiebre tremenda\u00a0y no pude levantarme, me qued\u00e9 dormida dos d\u00edas con mucha fiebre\u201d.<\/p>\n<p>&nbsp;<\/p>\n<p>Ante las consultas de Fabiana, Lourdes dijo que tom\u00f3 whisky con Leandro y que luego se durmi\u00f3. \u201cEl domingo a la noche cuando me despert\u00e9\u00a0me di cuenta de que ten\u00eda anginas. El lunes ten\u00eda que trabajar, pero lo suspend\u00ed\u201d, explic\u00f3.<\/p>\n<p>\u201c\u00bfNo lo mandaste a comprar remedios?\u201c, quiso saber Cantilo. \u201dS\u00ed compr\u00f3, pero no lo mand\u00e9 porque\u00a0yo estaba inconsciente por la fiebre\u201c, asegur\u00f3 Fern\u00e1ndez.<\/p>\n<p>\u201c\u00bfTe pegaba el se\u00f1or?\u00a0\u00bfTe volvi\u00f3 a pegar?\u00a0\u00bfMe lo jur\u00e1s por Dios?\u201c, le pregunt\u00f3 Fabiana despu\u00e9s. \u201cNo volvi\u00f3. Te lo juro por Dios, por mis cuerdas vocales. Por eso realmente\u00a0estoy muy triste de que hoy le hayan negado la excarcelaci\u00f3n\u201d, manifest\u00f3 Lourdes.<\/p>\n<\/div>\n","protected":false},"excerpt":{"rendered":"<p>Leandro Garc\u00eda G\u00f3mez, expareja de\u00a0Lourdes Fern\u00e1ndez de Bandana, fue procesado con prisi\u00f3n preventiva por el juez Diego Slupsky. El empresario fue imputado por lesiones, violencia de g\u00e9nero y privaci\u00f3n ilegitima de la libertad. &nbsp; Tras la decisi\u00f3n de la Justicia, Garc\u00eda G\u00f3mez continuar\u00e1 detenido con un\u00a0embargo de $15 millones. \u201cA tal fin int\u00edmese al procesado [&hellip;]<\/p>\n","protected":false},"author":3,"featured_media":65773,"comment_status":"open","ping_status":"open","sticky":false,"template":"","format":"standard","meta":{"footnotes":""},"categories":[4],"tags":[],"class_list":["post-65772","post","type-post","status-publish","format-standard","has-post-thumbnail","hentry","category-espectaculos"],"_links":{"self":[{"href":"http:\/\/informateesquina.com\/index.php?rest_route=\/wp\/v2\/posts\/65772","targetHints":{"allow":["GET"]}}],"collection":[{"href":"http:\/\/informateesquina.com\/index.php?rest_route=\/wp\/v2\/posts"}],"about":[{"href":"http:\/\/informateesquina.com\/index.php?rest_route=\/wp\/v2\/types\/post"}],"author":[{"embeddable":true,"href":"http:\/\/informateesquina.com\/index.php?rest_route=\/wp\/v2\/users\/3"}],"replies":[{"embeddable":true,"href":"http:\/\/informateesquina.com\/index.php?rest_route=%2Fwp%2Fv2%2Fcomments&post=65772"}],"version-history":[{"count":1,"href":"http:\/\/informateesquina.com\/index.php?rest_route=\/wp\/v2\/posts\/65772\/revisions"}],"predecessor-version":[{"id":65774,"href":"http:\/\/informateesquina.com\/index.php?rest_route=\/wp\/v2\/posts\/65772\/revisions\/65774"}],"wp:featuredmedia":[{"embeddable":true,"href":"http:\/\/informateesquina.com\/index.php?rest_route=\/wp\/v2\/media\/65773"}],"wp:attachment":[{"href":"http:\/\/informateesquina.com\/index.php?rest_route=%2Fwp%2Fv2%2Fmedia&parent=65772"}],"wp:term":[{"taxonomy":"category","embeddable":true,"href":"http:\/\/informateesquina.com\/index.php?rest_route=%2Fwp%2Fv2%2Fcategories&post=65772"},{"taxonomy":"post_tag","embeddable":true,"href":"http:\/\/informateesquina.com\/index.php?rest_route=%2Fwp%2Fv2%2Ftags&post=65772"}],"curies":[{"name":"wp","href":"https:\/\/api.w.org\/{rel}","templated":true}]}}