{"id":65778,"date":"2025-11-04T23:50:04","date_gmt":"2025-11-05T02:50:04","guid":{"rendered":"https:\/\/informateesquina.com\/?p=65778"},"modified":"2025-11-04T23:50:04","modified_gmt":"2025-11-05T02:50:04","slug":"el-hospital-garrahan-anuncio-un-aumento-salarial-para-sus-empleados","status":"publish","type":"post","link":"http:\/\/informateesquina.com\/?p=65778","title":{"rendered":"El Hospital Garrahan anunci\u00f3 un aumento salarial para sus empleados"},"content":{"rendered":"<div class=\"fotos-y-videos\">\n<p><a class=\"fotos-desarrollo unlink\" title=\"El Hospital Garrahan anunci\u00f3 un aumento salarial para sus empleados \" href=\"https:\/\/www.radiosudamericana.com\/notix\/multimedia\/imagenes\/fotos\/2025-11-04\/956314.jpg\"><img loading=\"lazy\" decoding=\"async\" class=\"img-responsive lazyload center-block\" src=\"https:\/\/www.radiosudamericana.com\/notix\/multimedia\/imagenes\/fotos\/2025-11-04\/956314.jpg_nota.jpg\" alt=\"El Hospital Garrahan anunci\u00f3 un aumento salarial para sus empleados \" width=\"900\" height=\"599\" \/><\/a><\/p>\n<\/div>\n<p>&nbsp;<\/p>\n<div class=\"cuerpo\">\n<p>El Hospital Garrahan oficializ\u00f3 un aumento del 61% en la asignaci\u00f3n b\u00e1sica destinado a empleados de planta, contratados bajo empleo p\u00fablico, becarios y residentes con Beca Instituci\u00f3n, un avance que desde la direcci\u00f3n calificaron como \u201chist\u00f3rico\u201d.<\/p>\n<p>&nbsp;<\/p>\n<p>&nbsp;<\/p>\n<p>El incremento \u2014retroactivo a octubre\u2014 se suma a los bonos mensuales fijos que el personal recibe desde septiembre: $350.000 para el personal no asistencial y $450.000 para el asistencial.<\/p>\n<p><a class=\"fotos-desarrollo unlink\" title=\"El Hospital Garrahan anunci\u00f3 un aumento salarial para sus empleados \" href=\"https:\/\/www.radiosudamericana.com\/notix\/multimedia\/imagenes\/fotos\/2025-11-04\/759465.jpg\"><img decoding=\"async\" class=\"img-responsive\" src=\"https:\/\/www.radiosudamericana.com\/notix\/multimedia\/imagenes\/fotos\/2025-11-04\/759465.jpg_nota.jpg\" \/><\/a><\/p>\n<p>Desde la administraci\u00f3n explicaron que la mejora salarial fue financiada con recursos propios, sin comprometer la sustentabilidad del hospital. \u201cAs\u00ed funciona una administraci\u00f3n ordenada: la plata alcanza, el trabajo se valora y los resultados se ven\u201d, se\u00f1alaron en un comunicado oficial.<\/p>\n<p><strong>Un reconocimiento al trabajo de los equipos de salud<\/strong><br \/>\nEl Garrahan destac\u00f3 que este aumento busca reconocer el esfuerzo del personal m\u00e9dico, de enfermer\u00eda, t\u00e9cnico y administrativo, que mantuvo su compromiso incluso en medio de conflictos sindicales y disputas pol\u00edticas.<br \/>\nLa direcci\u00f3n subray\u00f3 que la eficiencia administrativa permiti\u00f3 fortalecer tanto la atenci\u00f3n a los pacientes como las condiciones laborales.<\/p>\n<p><a class=\"fotos-desarrollo unlink\" title=\"El Hospital Garrahan anunci\u00f3 un aumento salarial para sus empleados \" href=\"https:\/\/www.radiosudamericana.com\/notix\/multimedia\/imagenes\/fotos\/2025-11-04\/880079.jpg\"><img decoding=\"async\" class=\"img-responsive\" src=\"https:\/\/www.radiosudamericana.com\/notix\/multimedia\/imagenes\/fotos\/2025-11-04\/880079.jpg_nota.jpg\" \/><\/a><\/p>\n<p><strong>Reacciones y conflicto gremial<\/strong><br \/>\nEl anuncio llega luego de meses de tensi\u00f3n con los gremios, que reclamaban recomposici\u00f3n salarial. El conflicto escal\u00f3 el pasado viernes, cuando trabajadores de la Asociaci\u00f3n de Profesionales y T\u00e9cnicos (APyT) ocuparon por seis horas las oficinas de la direcci\u00f3n m\u00e9dica, en protesta por descuentos de entre $300.000 y $500.000 aplicados por d\u00edas de paro.<\/p>\n<p>Desde la APyT denunciaron que las sanciones afectaron especialmente a enfermeras, instrumentadoras y docentes del jard\u00edn maternal, y acusaron a las autoridades de \u201cactuar como un interventor pol\u00edtico\u201d.<\/p>\n<p><a class=\"fotos-desarrollo unlink\" title=\"El Hospital Garrahan anunci\u00f3 un aumento salarial para sus empleados \" href=\"https:\/\/www.radiosudamericana.com\/notix\/multimedia\/imagenes\/fotos\/2025-11-04\/180215.jpg\"><img decoding=\"async\" class=\"img-responsive\" src=\"https:\/\/www.radiosudamericana.com\/notix\/multimedia\/imagenes\/fotos\/2025-11-04\/180215.jpg_nota.jpg\" \/><\/a><\/p>\n<p>El delegado de ATE Garrahan, Alejandro Lipcovich, sostuvo que \u201cel personal afectado incluye madres solteras que no llegan a fin de mes, mientras los directivos designan asesores con sueldos millonarios\u201d.<\/p>\n<p><strong>En busca de di\u00e1logo<\/strong><br \/>\nLos gremios exigen la devoluci\u00f3n de los haberes descontados y la apertura de una mesa de negociaci\u00f3n con el director Mariano Pirozzo y el Consejo de Administraci\u00f3n.<\/p>\n<p>Mientras tanto, el hospital reafirma su intenci\u00f3n de continuar con una pol\u00edtica de gesti\u00f3n eficiente y transparente, que permita consolidar mejoras salariales sostenibles y mantener el nivel de atenci\u00f3n que caracteriza al centro pedi\u00e1trico m\u00e1s importante del pa\u00eds.<\/p>\n<\/div>\n","protected":false},"excerpt":{"rendered":"<p>&nbsp; El Hospital Garrahan oficializ\u00f3 un aumento del 61% en la asignaci\u00f3n b\u00e1sica destinado a empleados de planta, contratados bajo empleo p\u00fablico, becarios y residentes con Beca Instituci\u00f3n, un avance que desde la direcci\u00f3n calificaron como \u201chist\u00f3rico\u201d. &nbsp; &nbsp; El incremento \u2014retroactivo a octubre\u2014 se suma a los bonos mensuales fijos que el personal recibe [&hellip;]<\/p>\n","protected":false},"author":3,"featured_media":65779,"comment_status":"open","ping_status":"open","sticky":false,"template":"","format":"standard","meta":{"footnotes":""},"categories":[7,11],"tags":[136],"class_list":["post-65778","post","type-post","status-publish","format-standard","has-post-thumbnail","hentry","category-nacionales","category-sociedad","tag-destacados"],"_links":{"self":[{"href":"http:\/\/informateesquina.com\/index.php?rest_route=\/wp\/v2\/posts\/65778","targetHints":{"allow":["GET"]}}],"collection":[{"href":"http:\/\/informateesquina.com\/index.php?rest_route=\/wp\/v2\/posts"}],"about":[{"href":"http:\/\/informateesquina.com\/index.php?rest_route=\/wp\/v2\/types\/post"}],"author":[{"embeddable":true,"href":"http:\/\/informateesquina.com\/index.php?rest_route=\/wp\/v2\/users\/3"}],"replies":[{"embeddable":true,"href":"http:\/\/informateesquina.com\/index.php?rest_route=%2Fwp%2Fv2%2Fcomments&post=65778"}],"version-history":[{"count":1,"href":"http:\/\/informateesquina.com\/index.php?rest_route=\/wp\/v2\/posts\/65778\/revisions"}],"predecessor-version":[{"id":65780,"href":"http:\/\/informateesquina.com\/index.php?rest_route=\/wp\/v2\/posts\/65778\/revisions\/65780"}],"wp:featuredmedia":[{"embeddable":true,"href":"http:\/\/informateesquina.com\/index.php?rest_route=\/wp\/v2\/media\/65779"}],"wp:attachment":[{"href":"http:\/\/informateesquina.com\/index.php?rest_route=%2Fwp%2Fv2%2Fmedia&parent=65778"}],"wp:term":[{"taxonomy":"category","embeddable":true,"href":"http:\/\/informateesquina.com\/index.php?rest_route=%2Fwp%2Fv2%2Fcategories&post=65778"},{"taxonomy":"post_tag","embeddable":true,"href":"http:\/\/informateesquina.com\/index.php?rest_route=%2Fwp%2Fv2%2Ftags&post=65778"}],"curies":[{"name":"wp","href":"https:\/\/api.w.org\/{rel}","templated":true}]}}