{"id":65781,"date":"2025-11-04T23:51:25","date_gmt":"2025-11-05T02:51:25","guid":{"rendered":"https:\/\/informateesquina.com\/?p=65781"},"modified":"2025-11-04T23:51:25","modified_gmt":"2025-11-05T02:51:25","slug":"tragico-un-arbitro-se-descompenso-y-murio-en-pleno-entrenamiento","status":"publish","type":"post","link":"http:\/\/informateesquina.com\/?p=65781","title":{"rendered":"Tr\u00e1gico: un \u00e1rbitro se descompens\u00f3 y muri\u00f3 en pleno entrenamiento"},"content":{"rendered":"<div class=\"fotos-y-videos\">\n<div class=\"tab-content\">\n<div id=\"fotos\" class=\"tab-pane fade in active\" role=\"tabpanel\"><a class=\"fotos-desarrollo unlink\" title=\"Tr\u00e1gico: un \u00e1rbitro se descompens\u00f3 y muri\u00f3 en pleno entrenamiento\" href=\"https:\/\/www.radiosudamericana.com\/notix\/multimedia\/imagenes\/fotos\/2025-11-04\/626253.png\"><img loading=\"lazy\" decoding=\"async\" class=\"img-responsive lazyload center-block\" src=\"https:\/\/www.radiosudamericana.com\/notix\/multimedia\/imagenes\/fotos\/2025-11-04\/626253.png_nota.png\" alt=\"Tr\u00e1gico: un \u00e1rbitro se descompens\u00f3 y muri\u00f3 en pleno entrenamiento\" width=\"900\" height=\"551\" \/><\/a><\/div>\n<\/div>\n<\/div>\n<p>&nbsp;<\/p>\n<div class=\"cuerpo\">\n<p>Julio Iv\u00e1n Ojeda, de 30 a\u00f1os, \u00e1rbitro de la Liga Chaque\u00f1a de F\u00fatbol y cabo primero del Servicio Penitenciario de la Provincia de Chaco, falleci\u00f3 este martes tras sufrir una descompensaci\u00f3n\u00a0<strong>mientras realizaba actividades f\u00edsicas en el Polideportivo Jaime Zapata, en la ciudad de Resistencia.<\/strong><\/p>\n<p>De acuerdo con el parte policial, el hecho ocurri\u00f3 cerca de las 14.30, cuando Ojeda se desvaneci\u00f3 en plena pr\u00e1ctica. Fue trasladado de urgencia al Hospital \u201cDr. Julio C. Perrando\u201d,\u00a0<strong>donde ingres\u00f3 sin signos vitales<\/strong>.\u00a0Poco despu\u00e9s, los m\u00e9dicos confirmaron su muerte.<\/p>\n<p><a class=\"fotos-desarrollo unlink\" title=\"Tr\u00e1gico: un \u00e1rbitro se descompens\u00f3 y muri\u00f3 en pleno entrenamiento\" href=\"https:\/\/www.radiosudamericana.com\/notix\/multimedia\/imagenes\/fotos\/2025-11-04\/898466.jpg\"><img decoding=\"async\" class=\"img-responsive\" src=\"https:\/\/www.radiosudamericana.com\/notix\/multimedia\/imagenes\/fotos\/2025-11-04\/898466.jpg_nota.jpg\" \/><\/a><\/p>\n<p>&nbsp;<\/p>\n<div id=\"leermas\"><\/div>\n<p>&nbsp;<\/p>\n<p>El joven se encontraba acompa\u00f1ado por un compa\u00f1ero de trabajo de apellido Vallejos, quien relat\u00f3 que Ojeda se desempe\u00f1aba activamente como \u00e1rbitro en la Liga Chaque\u00f1a y que, al momento del hecho, estaba entrenando en el predio deportivo provincial.<\/p>\n<\/div>\n","protected":false},"excerpt":{"rendered":"<p>&nbsp; Julio Iv\u00e1n Ojeda, de 30 a\u00f1os, \u00e1rbitro de la Liga Chaque\u00f1a de F\u00fatbol y cabo primero del Servicio Penitenciario de la Provincia de Chaco, falleci\u00f3 este martes tras sufrir una descompensaci\u00f3n\u00a0mientras realizaba actividades f\u00edsicas en el Polideportivo Jaime Zapata, en la ciudad de Resistencia. De acuerdo con el parte policial, el hecho ocurri\u00f3 cerca [&hellip;]<\/p>\n","protected":false},"author":3,"featured_media":65782,"comment_status":"open","ping_status":"open","sticky":false,"template":"","format":"standard","meta":{"footnotes":""},"categories":[3],"tags":[],"class_list":["post-65781","post","type-post","status-publish","format-standard","has-post-thumbnail","hentry","category-deportes"],"_links":{"self":[{"href":"http:\/\/informateesquina.com\/index.php?rest_route=\/wp\/v2\/posts\/65781","targetHints":{"allow":["GET"]}}],"collection":[{"href":"http:\/\/informateesquina.com\/index.php?rest_route=\/wp\/v2\/posts"}],"about":[{"href":"http:\/\/informateesquina.com\/index.php?rest_route=\/wp\/v2\/types\/post"}],"author":[{"embeddable":true,"href":"http:\/\/informateesquina.com\/index.php?rest_route=\/wp\/v2\/users\/3"}],"replies":[{"embeddable":true,"href":"http:\/\/informateesquina.com\/index.php?rest_route=%2Fwp%2Fv2%2Fcomments&post=65781"}],"version-history":[{"count":1,"href":"http:\/\/informateesquina.com\/index.php?rest_route=\/wp\/v2\/posts\/65781\/revisions"}],"predecessor-version":[{"id":65783,"href":"http:\/\/informateesquina.com\/index.php?rest_route=\/wp\/v2\/posts\/65781\/revisions\/65783"}],"wp:featuredmedia":[{"embeddable":true,"href":"http:\/\/informateesquina.com\/index.php?rest_route=\/wp\/v2\/media\/65782"}],"wp:attachment":[{"href":"http:\/\/informateesquina.com\/index.php?rest_route=%2Fwp%2Fv2%2Fmedia&parent=65781"}],"wp:term":[{"taxonomy":"category","embeddable":true,"href":"http:\/\/informateesquina.com\/index.php?rest_route=%2Fwp%2Fv2%2Fcategories&post=65781"},{"taxonomy":"post_tag","embeddable":true,"href":"http:\/\/informateesquina.com\/index.php?rest_route=%2Fwp%2Fv2%2Ftags&post=65781"}],"curies":[{"name":"wp","href":"https:\/\/api.w.org\/{rel}","templated":true}]}}