{"id":65784,"date":"2025-11-05T00:00:37","date_gmt":"2025-11-05T03:00:37","guid":{"rendered":"https:\/\/informateesquina.com\/?p=65784"},"modified":"2025-11-05T00:02:20","modified_gmt":"2025-11-05T03:02:20","slug":"el-gobernador-gustavo-valdes-desarrollara-una-agenda-de-trabajo-en-paraguay-junto-al-presidente-santiago-pena","status":"publish","type":"post","link":"http:\/\/informateesquina.com\/?p=65784","title":{"rendered":"El gobernador Gustavo Vald\u00e9s desarrollar\u00e1 una agenda de trabajo en Paraguay junto al presidente Santiago Pe\u00f1a"},"content":{"rendered":"<header>\n<div>\n<div class=\"meta\">El gobernador Gustavo Vald\u00e9s anunci\u00f3 que este martes al mediod\u00eda llevar\u00e1 adelante una agenda de trabajo en la Rep\u00fablica del Paraguay, donde participar\u00e1 de una serie de actividades e inauguraciones junto al presidente del pa\u00eds vecino, Santiago Pe\u00f1a.<\/div>\n<\/div>\n<\/header>\n<section class=\"body\">\n<section class=\"content\">\n<div class=\"main-text\">\n<div class=\" large m_image\">\n<figure><picture><source srcset=\"https:\/\/www.republicadecorrientes.com\/content\/bucket\/2\/78322w790h741c.jpg.webp\" type=\"image\/webp\" media=\"(min-width: 640px)\" \/><source srcset=\"https:\/\/www.republicadecorrientes.com\/content\/bucket\/2\/78322w440h413c.jpg.webp\" type=\"image\/webp\" media=\"(min-width: 300px)\" \/><source srcset=\"https:\/\/www.republicadecorrientes.com\/content\/bucket\/2\/78322w790h741c.jpg\" media=\"(min-width: 300px)\" \/><img loading=\"lazy\" decoding=\"async\" class=\"pic\" src=\"https:\/\/www.republicadecorrientes.com\/content\/bucket\/2\/78322w790h741c.jpg.webp\" alt=\"\" width=\"790\" height=\"741\" \/><\/picture><\/figure>\n<\/div>\n<p>&nbsp;<\/p>\n<p>El encuentro tendr\u00e1 lugar en la localidad de Humait\u00e1, departamento de \u00d1eembuc\u00fa, y forma parte de las acciones de integraci\u00f3n regional que impulsan ambos gobiernos para fortalecer los lazos institucionales, econ\u00f3micos y de infraestructura entre Corrientes y Paraguay.<\/p>\n<p>&#8220;Compartimos un cordial saludo previo&#8221;, expres\u00f3 Vald\u00e9s a trav\u00e9s de sus redes sociales, al anticipar la jornada de trabajo junto al mandatario paraguayo.De acuerdo con lo informado, acompa\u00f1ar\u00e1n las actividades el vicepresidente de Paraguay, Pedro Alliana, y el intendente de Ituzaing\u00f3, Juan Pablo Vald\u00e9s, entre otras autoridades locales y nacionales.<\/p>\n<p>Esta visita se enmarca en una serie de gestiones que el Gobierno de Corrientes viene desarrollando con el pa\u00eds vecino, con el objetivo de avanzar en proyectos conjuntos de integraci\u00f3n, cooperaci\u00f3n fronteriza y desarrollo regional.<\/p>\n<\/div>\n<\/section>\n<\/section>\n","protected":false},"excerpt":{"rendered":"<p>El gobernador Gustavo Vald\u00e9s anunci\u00f3 que este martes al mediod\u00eda llevar\u00e1 adelante una agenda de trabajo en la Rep\u00fablica del Paraguay, donde participar\u00e1 de una serie de actividades e inauguraciones junto al presidente del pa\u00eds vecino, Santiago Pe\u00f1a. &nbsp; El encuentro tendr\u00e1 lugar en la localidad de Humait\u00e1, departamento de \u00d1eembuc\u00fa, y forma parte de [&hellip;]<\/p>\n","protected":false},"author":3,"featured_media":65785,"comment_status":"open","ping_status":"open","sticky":false,"template":"","format":"standard","meta":{"footnotes":""},"categories":[9,10],"tags":[],"class_list":["post-65784","post","type-post","status-publish","format-standard","has-post-thumbnail","hentry","category-politica","category-provinciales"],"_links":{"self":[{"href":"http:\/\/informateesquina.com\/index.php?rest_route=\/wp\/v2\/posts\/65784","targetHints":{"allow":["GET"]}}],"collection":[{"href":"http:\/\/informateesquina.com\/index.php?rest_route=\/wp\/v2\/posts"}],"about":[{"href":"http:\/\/informateesquina.com\/index.php?rest_route=\/wp\/v2\/types\/post"}],"author":[{"embeddable":true,"href":"http:\/\/informateesquina.com\/index.php?rest_route=\/wp\/v2\/users\/3"}],"replies":[{"embeddable":true,"href":"http:\/\/informateesquina.com\/index.php?rest_route=%2Fwp%2Fv2%2Fcomments&post=65784"}],"version-history":[{"count":1,"href":"http:\/\/informateesquina.com\/index.php?rest_route=\/wp\/v2\/posts\/65784\/revisions"}],"predecessor-version":[{"id":65786,"href":"http:\/\/informateesquina.com\/index.php?rest_route=\/wp\/v2\/posts\/65784\/revisions\/65786"}],"wp:featuredmedia":[{"embeddable":true,"href":"http:\/\/informateesquina.com\/index.php?rest_route=\/wp\/v2\/media\/65785"}],"wp:attachment":[{"href":"http:\/\/informateesquina.com\/index.php?rest_route=%2Fwp%2Fv2%2Fmedia&parent=65784"}],"wp:term":[{"taxonomy":"category","embeddable":true,"href":"http:\/\/informateesquina.com\/index.php?rest_route=%2Fwp%2Fv2%2Fcategories&post=65784"},{"taxonomy":"post_tag","embeddable":true,"href":"http:\/\/informateesquina.com\/index.php?rest_route=%2Fwp%2Fv2%2Ftags&post=65784"}],"curies":[{"name":"wp","href":"https:\/\/api.w.org\/{rel}","templated":true}]}}