{"id":65788,"date":"2025-11-05T09:48:56","date_gmt":"2025-11-05T12:48:56","guid":{"rendered":"https:\/\/informateesquina.com\/?p=65788"},"modified":"2025-11-05T09:48:56","modified_gmt":"2025-11-05T12:48:56","slug":"milei-inicia-su-viaje-numero-14-a-estados-unidos-y-suma-una-escala-en-bolivia","status":"publish","type":"post","link":"http:\/\/informateesquina.com\/?p=65788","title":{"rendered":"Milei inicia su viaje n\u00famero 14 a Estados Unidos y suma una escala en Bolivia"},"content":{"rendered":"<div>\n<p>El presidente asistir\u00e1 a la sesi\u00f3n inaugural de la Asamblea Nacional Legislativa Plurinacional y saludar\u00e1 al flamante mandatario boliviano, Rodrigo Paz Pereira.<\/p>\n<figure class=\"big-column\"><picture><img loading=\"lazy\" decoding=\"async\" class=\"pic\" src=\"https:\/\/www.radiodos.com.ar\/content\/bucket\/5\/274935w850h493c.webp.webp\" alt=\"\" width=\"850\" height=\"493\" \/><\/picture><\/figure>\n<div class=\"main-text\">\n<div class=\"social\">\n<div class=\"share\"><\/div>\n<\/div>\n<p>El presidente Javier Milei emprender\u00e1 ma\u00f1ana un nuevo viaje a Estados Unidos para participar del America Business Forum, una cumbre de l\u00edderes mundiales que se celebra en la ciudad de Miami y de la que formar\u00e1n parte su par Donald Trump, la premio Nobel de la Paz 2025 Mar\u00eda Corina Machado y el astro del f\u00fatbol argentino Lionel Messi.<\/p>\n<p>Seg\u00fan supo la agencia Noticias Argentinas, el mandatario le tomar\u00e1 juramento ma\u00f1ana a las 12 al designado jefe de Gabinete, Manuel Adorni, en la Casa Rosada, para partir a las 15 hacia su viaje n\u00famero 14 a Estados Unidos desde que asumi\u00f3 la Presidencia.<\/p>\n<p>El encuentro de Miami tendr\u00e1 lugar en el Kaseya Center, estadio del equipo de la NBA Miami Heat, y ser\u00e1 conducido por Bret Baier, presentador de la cadena Fox News.<\/p>\n<p>De acuerdo al comunicado que difundi\u00f3 el America Business Forum, la lista completa de oradores incluye a Trump; Milei; Machado; Messi; Eric Schmidt, ex CEO de Google; el ex tenista Rafael Nadal; Jamie Dimon, presidente y CEO de JPMorgan Chase; el actor Will Smith; Ken Griffin, fundador y CEO de Citadel; Gianni Infantino, presidente de la FIFA; Stefano Domenicali, presidente y CEO de la F\u00f3rmula 1; y Adam Neumann, cofundador de Flow.<\/p>\n<p>Por estas horas, la Casa Rosada trabaja en la lista de reuniones de Milei, aunque se descarta la posibilidad de un intercambio informal con Trump por cuestiones de agenda.<\/p>\n<p>Seg\u00fan la agenda oficial, Milei partir\u00e1 ma\u00f1ana a las 15 rumbo a Miami, donde arribar\u00e1 a las 2:20 del jueves. Ese d\u00eda, a las 17:45 est\u00e1 previsto su discurso en el American Business Forum, y a las 22:30 participar\u00e1 de la cena de gala de la Conferencia de Acci\u00f3n Pol\u00edtica Conservadora (CPAC) en Palm Beach.<\/p>\n<p>El viernes viajar\u00e1 a Nueva York, donde a las 12 participar\u00e1 del conversatorio &#8220;Nuevas oportunidades de inversi\u00f3n en Argentina&#8221; en el Council of the Americas. Esa misma noche volar\u00e1 a Santa Cruz de la Sierra, Bolivia, para trasladarse el s\u00e1bado a El Alto.<\/p>\n<p>En territorio boliviano, Milei asistir\u00e1 a las 11 a la sesi\u00f3n inaugural de la Asamblea Nacional Legislativa Plurinacional y saludar\u00e1 al flamante presidente del Estado Plurinacional, Rodrigo Paz Pereira.<\/p>\n<p>Luego participar\u00e1 de la ceremonia de entrega del bast\u00f3n de mando y emprender\u00e1 el regreso a Buenos Aires, con arribo previsto el s\u00e1bado a las 17:35.<\/p>\n<div class=\"temas floatFix\">Radio Dos<\/div>\n<\/div>\n<\/div>\n","protected":false},"excerpt":{"rendered":"<p>El presidente asistir\u00e1 a la sesi\u00f3n inaugural de la Asamblea Nacional Legislativa Plurinacional y saludar\u00e1 al flamante mandatario boliviano, Rodrigo Paz Pereira. El presidente Javier Milei emprender\u00e1 ma\u00f1ana un nuevo viaje a Estados Unidos para participar del America Business Forum, una cumbre de l\u00edderes mundiales que se celebra en la ciudad de Miami y de [&hellip;]<\/p>\n","protected":false},"author":3,"featured_media":65789,"comment_status":"open","ping_status":"open","sticky":false,"template":"","format":"standard","meta":{"footnotes":""},"categories":[9],"tags":[],"class_list":["post-65788","post","type-post","status-publish","format-standard","has-post-thumbnail","hentry","category-politica"],"_links":{"self":[{"href":"http:\/\/informateesquina.com\/index.php?rest_route=\/wp\/v2\/posts\/65788","targetHints":{"allow":["GET"]}}],"collection":[{"href":"http:\/\/informateesquina.com\/index.php?rest_route=\/wp\/v2\/posts"}],"about":[{"href":"http:\/\/informateesquina.com\/index.php?rest_route=\/wp\/v2\/types\/post"}],"author":[{"embeddable":true,"href":"http:\/\/informateesquina.com\/index.php?rest_route=\/wp\/v2\/users\/3"}],"replies":[{"embeddable":true,"href":"http:\/\/informateesquina.com\/index.php?rest_route=%2Fwp%2Fv2%2Fcomments&post=65788"}],"version-history":[{"count":1,"href":"http:\/\/informateesquina.com\/index.php?rest_route=\/wp\/v2\/posts\/65788\/revisions"}],"predecessor-version":[{"id":65790,"href":"http:\/\/informateesquina.com\/index.php?rest_route=\/wp\/v2\/posts\/65788\/revisions\/65790"}],"wp:featuredmedia":[{"embeddable":true,"href":"http:\/\/informateesquina.com\/index.php?rest_route=\/wp\/v2\/media\/65789"}],"wp:attachment":[{"href":"http:\/\/informateesquina.com\/index.php?rest_route=%2Fwp%2Fv2%2Fmedia&parent=65788"}],"wp:term":[{"taxonomy":"category","embeddable":true,"href":"http:\/\/informateesquina.com\/index.php?rest_route=%2Fwp%2Fv2%2Fcategories&post=65788"},{"taxonomy":"post_tag","embeddable":true,"href":"http:\/\/informateesquina.com\/index.php?rest_route=%2Fwp%2Fv2%2Ftags&post=65788"}],"curies":[{"name":"wp","href":"https:\/\/api.w.org\/{rel}","templated":true}]}}