{"id":65795,"date":"2025-11-05T10:41:10","date_gmt":"2025-11-05T13:41:10","guid":{"rendered":"https:\/\/informateesquina.com\/?p=65795"},"modified":"2025-11-05T10:41:10","modified_gmt":"2025-11-05T13:41:10","slug":"tres-ninos-podran-oir-gracias-a-la-colocacion-de-implantes-cocleares","status":"publish","type":"post","link":"http:\/\/informateesquina.com\/?p=65795","title":{"rendered":"Tres ni\u00f1os podr\u00e1n o\u00edr gracias a la colocaci\u00f3n de implantes cocleares"},"content":{"rendered":"<div>\n<p>Son ni\u00f1os de Capital, Ituzaing\u00f3 y Paso de los Libres de entre 2 y 5 a\u00f1os. Estas cirug\u00edas fueron posible gracias al Programa Provincial de Detecci\u00f3n Precoz de la Hipoacusia, impulsado por el Ministerio de Salud P\u00fabica, para garantizar el acceso a tratamientos oportunos.<\/p>\n<div class=\"social\">\n<div class=\"share\"><\/div>\n<\/div>\n<div class=\" large m_image\">\n<figure><picture><source srcset=\"https:\/\/www.diarioepoca.com\/content\/bucket\/2\/1457652w790h505c.jpg.webp\" type=\"image\/webp\" media=\"(min-width: 640px)\" \/><source srcset=\"https:\/\/www.diarioepoca.com\/content\/bucket\/2\/1457652w440h281c.jpg.webp\" type=\"image\/webp\" media=\"(min-width: 300px)\" \/><source srcset=\"https:\/\/www.diarioepoca.com\/content\/bucket\/2\/1457652w790h505c.jpg\" media=\"(min-width: 300px)\" \/><img loading=\"lazy\" decoding=\"async\" class=\"pic\" src=\"https:\/\/www.diarioepoca.com\/content\/bucket\/2\/1457652w790h505c.jpg.webp\" alt=\"\" width=\"790\" height=\"505\" \/><\/picture><figcaption>LOS M\u00c9DICOS EN PLENO TRABAJO DE UNA DE LAS OPERACIONES DE IMPLANTES COCLEARES.<\/figcaption><\/figure>\n<\/div>\n<p>La posibilidad de escuchar por primera vez o de volver a hacerlo en un ni\u00f1o es algo que no tiene precio. Y un grupo de profesionales hizo ese sue\u00f1o realidad a tres peque\u00f1os, uno de Capital y dos del interior.<\/p>\n<p>En el Hospital Pedi\u00e1trico Juan Pablo II, que depende del Ministerio de Salud P\u00fablica, se realizaron esos tres implantes cocleares unilaterales. Los pacientes que tuvieron esa posibilidad son ni\u00f1os de entre 2 y 5 a\u00f1os oriundos de Capital, Ituzaing\u00f3 y Paso de los Libres.<\/p>\n<p>Esta cirug\u00eda fue posible gracias al Programa Provincial de Detecci\u00f3n Precoz de la Hipoacusia, impulsado por la cartera sanitaria, con el objetivo de garantizar el acceso a tratamientos oportunos.<\/p>\n<div class=\"center medium m_image\">\n<figure><picture><source srcset=\"https:\/\/www.diarioepoca.com\/content\/bucket\/3\/1457653w380h240c.jpg.webp\" type=\"image\/webp\" media=\"(min-width: 640px)\" \/><source srcset=\"https:\/\/www.diarioepoca.com\/content\/bucket\/3\/1457653w440h278c.jpg.webp\" type=\"image\/webp\" media=\"(min-width: 300px)\" \/><source srcset=\"https:\/\/www.diarioepoca.com\/content\/bucket\/3\/1457653w380h240c.jpg\" media=\"(min-width: 300px)\" \/><img loading=\"lazy\" decoding=\"async\" class=\"pic\" src=\"https:\/\/www.diarioepoca.com\/content\/bucket\/3\/1457653w380h240c.jpg.webp\" alt=\"\" width=\"380\" height=\"240\" \/><\/picture><figcaption>EL GRUPO DE PROFESIONALES QUE HIZO EL MILAGRO PARA ESTOS CHICOS.<\/figcaption><\/figure>\n<\/div>\n<p>&#8220;Fueron tres implantes, uno de ellos fue enviado por el Programa Nacional de Hipoacusia y, los otros dos, gestionados con la obra social de la Provincia, IOSCOR&#8221;, precis\u00f3 el jefe del Programa, Jorge Iglesias. Adem\u00e1s, agreg\u00f3 que &#8220;los pacientes tuvieron muy buena evoluci\u00f3n y resultado&#8221;.<\/p>\n<p>Tambi\u00e9n record\u00f3 que la detecci\u00f3n precoz de la hipoacusia es muy importante para el desarrollo del ni\u00f1o. Un trabajo que se lleva adelante con la licenciada Zulema Soria en articulaci\u00f3n con el instituto Integrar.<\/p>\n<div class=\"center medium m_image\">\n<figure><picture><source srcset=\"https:\/\/www.diarioepoca.com\/content\/bucket\/2\/1457702w380h132c.jpg.webp\" type=\"image\/webp\" media=\"(min-width: 640px)\" \/><source srcset=\"https:\/\/www.diarioepoca.com\/content\/bucket\/2\/1457702w440h153c.jpg.webp\" type=\"image\/webp\" media=\"(min-width: 300px)\" \/><source srcset=\"https:\/\/www.diarioepoca.com\/content\/bucket\/2\/1457702w380h132c.jpg\" media=\"(min-width: 300px)\" \/><img loading=\"lazy\" decoding=\"async\" class=\"pic\" src=\"https:\/\/www.diarioepoca.com\/content\/bucket\/2\/1457702w380h132c.jpg.webp\" alt=\"\" width=\"380\" height=\"132\" \/><\/picture><\/figure>\n<\/div>\n<p>La hipoacusia es un trastorno sensorial que consiste en la p\u00e9rdida parcial o total de la capacidad de escuchar sonidos en uno o ambos o\u00eddos. Puede ser leve, moderada, grave o profunda. Con una detecci\u00f3n temprana se puede mejorar la vida del paciente y por ello desde Salud P\u00fablica se lleva adelante la Pesquisa Auditiva Temprana del Reci\u00e9n Nacido (RN).<\/p>\n<p>El implante coclear es un dispositivo que se coloca a las personas con sordera total y que no responden a los aud\u00edfonos. Es un transductor, a diferencia del aud\u00edfono que es un amplificador de la onda sonora. Cuando se trata de bilateral, es la colocaci\u00f3n de implantes cocleares en ambos o\u00eddos.<\/p>\n<p>El Programa Provincial de Detecci\u00f3n Precoz de la Hipoacusia depende de la Direcci\u00f3n General de Protecci\u00f3n y Promoci\u00f3n de la Salud, a cargo de Adela Saade.<\/p>\n<p>La provincia cuenta con una Red de Fonoaudi\u00f3logos para detectar de forma temprana la hipoacusia y comenzar el tratamiento que corresponda.<\/p>\n<h2>Instan a completar esquemas de vacunaci\u00f3n<\/h2>\n<div class=\" original m_image\">\n<figure><picture><source srcset=\"https:\/\/www.diarioepoca.com\/content\/bucket\/3\/1457703w248h191c.jpg.webp\" type=\"image\/webp\" media=\"(min-width: 640px)\" \/><source srcset=\"https:\/\/www.diarioepoca.com\/content\/bucket\/3\/1457703w248h191c.jpg.webp\" type=\"image\/webp\" media=\"(min-width: 300px)\" \/><source srcset=\"https:\/\/www.diarioepoca.com\/content\/bucket\/3\/1457703w248h191c.jpg\" media=\"(min-width: 300px)\" \/><img loading=\"lazy\" decoding=\"async\" class=\"pic\" src=\"https:\/\/www.diarioepoca.com\/content\/bucket\/3\/1457703w248h191c.jpg.webp\" alt=\"\" width=\"248\" height=\"191\" \/><\/picture><\/figure>\n<\/div>\n<p>El Ministerio de Salud P\u00fablica de la Provincia, a trav\u00e9s de la Direcci\u00f3n de Inmunizaciones, recuerda qui\u00e9nes deben recibir la vacuna antigripal y refuerzos por COVID-19. Insiste en completar el calendario de vacunaci\u00f3n con las dosis que est\u00e1n disponibles en centros de salud con vacunatorio.<\/p>\n<p>En Capital, las vacunas antigripales est\u00e1n disponibles en los Centros de Atenci\u00f3n Primaria de la Salud (CAPS), en las Salas de Atenci\u00f3n Primaria de la Salud (SAPS) y en los hospitales \u00c1ngela I. de Llano y pedi\u00e1trico Juan Pablo II. En tanto, en el interior las dosis est\u00e1n disponibles en los distintos vacunatorios.<\/p>\n<p>Deben vacunarse con la antigripal personal de la salud, embarazadas: en cualquier momento de la gestaci\u00f3n, pu\u00e9rperas: hasta 10 d\u00edas despu\u00e9s del parto, si no la recibieron durante el embarazo; ni\u00f1os de 6 a 24 meses: deben recibir dos dosis separadas por al menos 4 semanas, ni\u00f1os y adultos de 2 a\u00f1os a 64 a\u00f1os con enfermedades: respiratorias, card\u00edacas, inmunodeficiencias cong\u00e9nitas o adquiridas; pacientes oncohematol\u00f3gicos y trasplantados; personas con obesidad, diab\u00e9ticos, y personas con insuficiencia renal cr\u00f3nica en di\u00e1lisis: deber\u00e1n presentar orden m\u00e9dica que acredite dicha condici\u00f3n y las personas mayores de 65 a\u00f1os.<\/p>\n<p>Deben vacunarse contra el COVID-19 quienes hayan recibido su \u00faltima dosis con un intervalo de seis meses o m\u00e1s, tienen que concurrir a los vacunatorios, independientemente del n\u00famero de aplicaciones con las que cuenten.<\/p>\n<h2>Cronograma<\/h2>\n<p>Calendario regular, COVID-19 y antigripal (para poblaci\u00f3n de riesgo). De lunes a viernes de 8 a 12 y de 14 a 18, en la Estaci\u00f3n Saludable de plaza Cabral. Las dosis de antigripal est\u00e1n disponibles en CAPS, SAPS, hospitales y vacunatorios de toda la provincia. Asistir con DNI, carnet de vacunaci\u00f3n e indicaci\u00f3n m\u00e9dica si corresponde (de 2 a 64 a\u00f1os con patolog\u00edas de riesgo).<\/p>\n<p>Vacunaci\u00f3n COVID-19 en CAPS<br \/>\nDe lunes a viernes de 8 a 12 y de 14 a 18.<\/p>\n<p>-CAPS N\u00b01- San Jos\u00e9.<\/p>\n<p>-CAPS N\u00b05- Dr. Monta\u00f1a.<\/p>\n<p>-CAPS N\u00b09- 17 de Agosto.<\/p>\n<p>-CAPS N\u00ba14 Juan de Vera.<\/p>\n<p>Se recuerda concurrir con DNI y carnet de vacunaci\u00f3n, en el caso de los menores acompa\u00f1ados por un adulto.<\/p>\n<p>En el interior trabajan con los hospitales locales.<\/p>\n<p>\u00e9poca<\/p>\n<\/div>\n","protected":false},"excerpt":{"rendered":"<p>Son ni\u00f1os de Capital, Ituzaing\u00f3 y Paso de los Libres de entre 2 y 5 a\u00f1os. Estas cirug\u00edas fueron posible gracias al Programa Provincial de Detecci\u00f3n Precoz de la Hipoacusia, impulsado por el Ministerio de Salud P\u00fabica, para garantizar el acceso a tratamientos oportunos. LOS M\u00c9DICOS EN PLENO TRABAJO DE UNA DE LAS OPERACIONES DE [&hellip;]<\/p>\n","protected":false},"author":3,"featured_media":65796,"comment_status":"open","ping_status":"open","sticky":false,"template":"","format":"standard","meta":{"footnotes":""},"categories":[11],"tags":[],"class_list":["post-65795","post","type-post","status-publish","format-standard","has-post-thumbnail","hentry","category-sociedad"],"_links":{"self":[{"href":"http:\/\/informateesquina.com\/index.php?rest_route=\/wp\/v2\/posts\/65795","targetHints":{"allow":["GET"]}}],"collection":[{"href":"http:\/\/informateesquina.com\/index.php?rest_route=\/wp\/v2\/posts"}],"about":[{"href":"http:\/\/informateesquina.com\/index.php?rest_route=\/wp\/v2\/types\/post"}],"author":[{"embeddable":true,"href":"http:\/\/informateesquina.com\/index.php?rest_route=\/wp\/v2\/users\/3"}],"replies":[{"embeddable":true,"href":"http:\/\/informateesquina.com\/index.php?rest_route=%2Fwp%2Fv2%2Fcomments&post=65795"}],"version-history":[{"count":1,"href":"http:\/\/informateesquina.com\/index.php?rest_route=\/wp\/v2\/posts\/65795\/revisions"}],"predecessor-version":[{"id":65797,"href":"http:\/\/informateesquina.com\/index.php?rest_route=\/wp\/v2\/posts\/65795\/revisions\/65797"}],"wp:featuredmedia":[{"embeddable":true,"href":"http:\/\/informateesquina.com\/index.php?rest_route=\/wp\/v2\/media\/65796"}],"wp:attachment":[{"href":"http:\/\/informateesquina.com\/index.php?rest_route=%2Fwp%2Fv2%2Fmedia&parent=65795"}],"wp:term":[{"taxonomy":"category","embeddable":true,"href":"http:\/\/informateesquina.com\/index.php?rest_route=%2Fwp%2Fv2%2Fcategories&post=65795"},{"taxonomy":"post_tag","embeddable":true,"href":"http:\/\/informateesquina.com\/index.php?rest_route=%2Fwp%2Fv2%2Ftags&post=65795"}],"curies":[{"name":"wp","href":"https:\/\/api.w.org\/{rel}","templated":true}]}}