{"id":65799,"date":"2025-11-05T18:02:15","date_gmt":"2025-11-05T21:02:15","guid":{"rendered":"https:\/\/informateesquina.com\/?p=65799"},"modified":"2025-11-05T18:02:15","modified_gmt":"2025-11-05T21:02:15","slug":"gustavo-valdes-lidera-el-ranking-de-imagen-positiva-de-gobernadores","status":"publish","type":"post","link":"http:\/\/informateesquina.com\/?p=65799","title":{"rendered":"Gustavo Vald\u00e9s lidera el ranking de imagen positiva de gobernadores"},"content":{"rendered":"<div>\n<p class=\"copete\">Seg\u00fan CB Consultora, el mandatario correntino encabeza el informe de noviembre 2025 con 61,5% de imagen positiva. Lo siguen Claudio Poggi (San Luis) y Osvaldo Jaldo (Tucum\u00e1n).<\/p>\n<div class=\"fotos-y-videos\">\n<div class=\"tab-content\">\n<div id=\"fotos\" class=\"tab-pane fade in active\" role=\"tabpanel\"><a class=\"fotos-desarrollo unlink\" title=\"Gustavo Vald\u00e9s lidera el ranking de imagen positiva de gobernadores\" href=\"https:\/\/www.radiosudamericana.com\/notix\/multimedia\/imagenes\/fotos\/2025-11-05\/886878.jpeg\"><img loading=\"lazy\" decoding=\"async\" class=\"img-responsive lazyload center-block\" src=\"https:\/\/www.radiosudamericana.com\/notix\/multimedia\/imagenes\/fotos\/2025-11-05\/886878.jpeg_nota.jpeg\" alt=\"Gustavo Vald\u00e9s lidera el ranking de imagen positiva de gobernadores\" width=\"900\" height=\"598\" \/><\/a><\/div>\n<\/div>\n<\/div>\n<p>&nbsp;<\/p>\n<div class=\"audios-desarrollo\">\n<div id=\"audio-1\"><audio src=\"https:\/\/www.radiosudamericana.com\/notix\/multimedia\/audios\/2025-11-05\/307530.mp3\" controls=\"controls\" data-mce-fragment=\"1\"><\/audio><\/div>\n<\/div>\n<div class=\"cuerpo\">\n<p>El gobernador de Corrientes, Gustavo Vald\u00e9s, se ubic\u00f3 nuevamente en el primer puesto del Ranking de Imagen Positiva de Gobernadores elaborado por CB Consultora Opini\u00f3n P\u00fablica.<\/p>\n<p>El informe corresponde a noviembre de 2025 y posiciona al mandatario con 61,5% de valoraci\u00f3n positiva, 33% negativa.<\/p>\n<p><a class=\"fotos-desarrollo unlink\" title=\"Gustavo Vald\u00e9s lidera el ranking de imagen positiva de gobernadores\" href=\"https:\/\/www.radiosudamericana.com\/notix\/multimedia\/imagenes\/fotos\/2025-11-05\/604155.jpeg\"><img decoding=\"async\" class=\"img-responsive\" src=\"https:\/\/www.radiosudamericana.com\/notix\/multimedia\/imagenes\/fotos\/2025-11-05\/604155.jpeg_nota.jpeg\" \/><\/a><\/p>\n<p>En el segundo lugar aparece Claudio Poggi (San Luis) con 60,4% positivo y en el tercero Osvaldo Jaldo (Tucum\u00e1n) con 59,8%. El Top 5 lo completan Leandro Zdero (Chaco) con 57,2% y Marcelo Orrego (San Juan) con 56,7%.<\/p>\n<p>Entre los primeros diez lugares tambi\u00e9n se encuentran:<\/p>\n<p>\u2022 Gerardo Zamora (Santiago del Estero) \u2013 55,8%<br \/>\n\u2022 Ignacio Torres (Chubut) \u2013 55,3%<br \/>\n\u2022 Mart\u00edn Llaryora (C\u00f3rdoba) \u2013 55,1%<br \/>\n\u2022 Sergio Ziliotto (La Pampa) \u2013 55,0%<br \/>\n\u2022 Hugo Passalacqua (Misiones) \u2013 54,8%<\/p>\n<p><a class=\"fotos-desarrollo unlink\" title=\"Gustavo Vald\u00e9s lidera el ranking de imagen positiva de gobernadores\" href=\"https:\/\/www.radiosudamericana.com\/notix\/multimedia\/imagenes\/fotos\/2025-11-05\/591426.jpeg\"><img decoding=\"async\" class=\"img-responsive\" src=\"https:\/\/www.radiosudamericana.com\/notix\/multimedia\/imagenes\/fotos\/2025-11-05\/591426.jpeg_nota.jpeg\" \/><\/a><\/p>\n<p>En la mitad de la tabla figuran Rogelio Frigerio (Entre R\u00edos), Maximiliano Pullaro (Santa Fe), Alfredo Cornejo (Mendoza), Claudio Vidal (Santa Cruz), Ra\u00fal Jalil (Catamarca) y Gustavo S\u00e1enz (Salta), con porcentajes de imagen positiva que se mantienen por encima del 52%.<\/p>\n<p>RADIO SUDAMERICANA<\/p>\n<\/div>\n<\/div>\n","protected":false},"excerpt":{"rendered":"<p>Seg\u00fan CB Consultora, el mandatario correntino encabeza el informe de noviembre 2025 con 61,5% de imagen positiva. Lo siguen Claudio Poggi (San Luis) y Osvaldo Jaldo (Tucum\u00e1n). &nbsp; El gobernador de Corrientes, Gustavo Vald\u00e9s, se ubic\u00f3 nuevamente en el primer puesto del Ranking de Imagen Positiva de Gobernadores elaborado por CB Consultora Opini\u00f3n P\u00fablica. El [&hellip;]<\/p>\n","protected":false},"author":3,"featured_media":65800,"comment_status":"open","ping_status":"open","sticky":false,"template":"","format":"standard","meta":{"footnotes":""},"categories":[9],"tags":[],"class_list":["post-65799","post","type-post","status-publish","format-standard","has-post-thumbnail","hentry","category-politica"],"_links":{"self":[{"href":"http:\/\/informateesquina.com\/index.php?rest_route=\/wp\/v2\/posts\/65799","targetHints":{"allow":["GET"]}}],"collection":[{"href":"http:\/\/informateesquina.com\/index.php?rest_route=\/wp\/v2\/posts"}],"about":[{"href":"http:\/\/informateesquina.com\/index.php?rest_route=\/wp\/v2\/types\/post"}],"author":[{"embeddable":true,"href":"http:\/\/informateesquina.com\/index.php?rest_route=\/wp\/v2\/users\/3"}],"replies":[{"embeddable":true,"href":"http:\/\/informateesquina.com\/index.php?rest_route=%2Fwp%2Fv2%2Fcomments&post=65799"}],"version-history":[{"count":1,"href":"http:\/\/informateesquina.com\/index.php?rest_route=\/wp\/v2\/posts\/65799\/revisions"}],"predecessor-version":[{"id":65801,"href":"http:\/\/informateesquina.com\/index.php?rest_route=\/wp\/v2\/posts\/65799\/revisions\/65801"}],"wp:featuredmedia":[{"embeddable":true,"href":"http:\/\/informateesquina.com\/index.php?rest_route=\/wp\/v2\/media\/65800"}],"wp:attachment":[{"href":"http:\/\/informateesquina.com\/index.php?rest_route=%2Fwp%2Fv2%2Fmedia&parent=65799"}],"wp:term":[{"taxonomy":"category","embeddable":true,"href":"http:\/\/informateesquina.com\/index.php?rest_route=%2Fwp%2Fv2%2Fcategories&post=65799"},{"taxonomy":"post_tag","embeddable":true,"href":"http:\/\/informateesquina.com\/index.php?rest_route=%2Fwp%2Fv2%2Ftags&post=65799"}],"curies":[{"name":"wp","href":"https:\/\/api.w.org\/{rel}","templated":true}]}}