{"id":65805,"date":"2025-11-05T23:37:58","date_gmt":"2025-11-06T02:37:58","guid":{"rendered":"https:\/\/informateesquina.com\/?p=65805"},"modified":"2025-11-05T23:44:17","modified_gmt":"2025-11-06T02:44:17","slug":"escandalo-en-el-juicio-de-cecilia-strzyzowski-detuvieron-a-uno-de-los-abogados-del-clan-sena","status":"publish","type":"post","link":"http:\/\/informateesquina.com\/?p=65805","title":{"rendered":"Esc\u00e1ndalo en el juicio de Cecilia Strzyzowski: detuvieron a uno de los abogados del clan Sena"},"content":{"rendered":"<div class=\"content-article-title\">\n<div class=\"wrapper-layout center-content center_story max-width\">\n<div class=\"col-content\"><b>Detuvieron a Nicol\u00e1s Boniardi<\/b><b>\u00a0<\/b><b style=\"color: #1d1f20; font-size: 1.953em;\">Cabra<\/b><b>,\u00a0<\/b><span>uno de los abogados que integra la defensa de Emerenciano Sena, por\u00a0<\/span><b>amenazar a un perito durante el juicio<\/b><span>\u00a0por el femicidio de Cecilia Strzyzowski.<\/span><\/div>\n<\/div>\n<\/div>\n<div class=\"common-layout wrapper-layout center-content center_story max-width story article\">\n<div class=\"col-content\">\n<div class=\"default-article-color article__body article__article\">\n<div id=\"ad-slot-infeed\" class=\"infeed-container\"><\/div>\n<p class=\"paragraph font__body-regular\">Boniardi es colaborador de Ricardo Osuna, quien encabeza el equipo que defiende a l\u00edder del clan Sena. Su imagen ya se hab\u00eda hecho p\u00fablica cuando lo sacaron de la selecci\u00f3n de jurados el mi\u00e9rcoles pasado luego de que la Polic\u00eda lo descubriera utilizando el celular y filmando a los postulantes, situaci\u00f3n que est\u00e1 prohibida para resguardar sus identidades.<\/p>\n<p class=\"paragraph font__body-regular\">Tras ello, el colaborador fue expulsado de la sala y<b>\u00a0qued\u00f3 detenido.<\/b>\u00a0Adem\u00e1s,\u00a0<b>le secuestraron el celular<\/b>, que qued\u00f3 en poder de los peritos.<\/p>\n<p class=\"paragraph font__body-regular\">Ayer, Boniardi fue convocado para que diese la clave del aparato por voluntad propia, pero cuando lleg\u00f3 al Gabinete Cient\u00edfico se neg\u00f3 y\u00a0<b>amenaz\u00f3 con pegarle al perito.<\/b><\/p>\n<figure class=\"\" data-testid=\"figure-testid\">\n<div class=\"aspect_ratio__container\"><picture class=\"responsive-image\"><source srcset=\"https:\/\/tn.com.ar\/resizer\/v2\/avanza-el-juicio-por-el-femicidio-de-cecilia-strzyzowski-foto-facebook-cecilia-strzyzowski-GL6356NCWZHO3KMPH2UTHCXGLI.jpg?auth=a7758d5f6029c46fd9cc61d57a705431ed16295837fdce6d8637b67df7dd33b1&amp;width=767\" type=\"image\/jpg\" media=\"(max-width: 728px)\" \/><source srcset=\"https:\/\/tn.com.ar\/resizer\/v2\/avanza-el-juicio-por-el-femicidio-de-cecilia-strzyzowski-foto-facebook-cecilia-strzyzowski-GL6356NCWZHO3KMPH2UTHCXGLI.jpg?auth=a7758d5f6029c46fd9cc61d57a705431ed16295837fdce6d8637b67df7dd33b1&amp;width=1023\" type=\"image\/jpg\" media=\"(max-width: 1023px)\" \/><source srcset=\"https:\/\/tn.com.ar\/resizer\/v2\/avanza-el-juicio-por-el-femicidio-de-cecilia-strzyzowski-foto-facebook-cecilia-strzyzowski-GL6356NCWZHO3KMPH2UTHCXGLI.jpg?auth=a7758d5f6029c46fd9cc61d57a705431ed16295837fdce6d8637b67df7dd33b1&amp;width=1440\" type=\"image\/jpg\" \/><img loading=\"lazy\" decoding=\"async\" class=\"image content-image image_placeholder\" src=\"https:\/\/tn.com.ar\/resizer\/v2\/avanza-el-juicio-por-el-femicidio-de-cecilia-strzyzowski-foto-facebook-cecilia-strzyzowski-GL6356NCWZHO3KMPH2UTHCXGLI.jpg?auth=a7758d5f6029c46fd9cc61d57a705431ed16295837fdce6d8637b67df7dd33b1&amp;width=767\" alt=\"Avanza el juicio por el femicidio de Cecilia Strzyzowski. (Foto: Facebook \/Cecilia Strzyzowski)\" width=\"767\" height=\"430\" data-testid=\"loading-testid\" \/><\/picture><\/div><figcaption class=\"caption_image\" data-testid=\"figcaption-testid\">\n<div class=\"image_caption \">Avanza el juicio por el femicidio de Cecilia Strzyzowski. (Foto: Facebook \/Cecilia Strzyzowski)<\/div>\n<\/figcaption><\/figure>\n<p class=\"paragraph font__body-regular\">Esto provoc\u00f3 una discusi\u00f3n en el establecimiento, por lo que se le pidi\u00f3 que se retirara.<\/p>\n<p class=\"paragraph font__body-regular\">Hoy la fiscal Roxana Soto, durante una nueva audiencia del juicio,<b>\u00a0pidi\u00f3 su detenci\u00f3n.<\/b><\/p>\n<p class=\"paragraph font__body-regular\">Boniardi fue imputado por la fiscal Ana Gonz\u00e1lez de Pacce, de la Fiscal\u00eda N\u00b0 2, por los delitos de desobediencia judicial y perturbaci\u00f3n del orden en la audiencia de tribunales de justicia.<\/p>\n<h2 class=\"font--primary font__display\">Los acusados<\/h2>\n<p class=\"paragraph font__body-regular\">Los siete acusados llegan al juicio detenidos y enfrentar\u00e1n distintos cargos seg\u00fan el grado de participaci\u00f3n que les atribuye la Justicia.<\/p>\n<p class=\"paragraph font__body-regular\"><b>C\u00e9sar Sena<\/b>, de 20 a\u00f1os, est\u00e1 acusado de\u00a0<b>homicidio triplemente agravado por el v\u00ednculo, por haberse cometido en un contexto de violencia de g\u00e9nero y por el concurso premeditado de dos o m\u00e1s personas<\/b>, un delito que prev\u00e9 prisi\u00f3n perpetua. La fiscal\u00eda sostiene que fue el autor material del femicidio y que mat\u00f3 a su esposa en la casa familiar el 2 de junio de 2023.<\/p>\n<p class=\"paragraph font__body-regular\">Sus padres,\u00a0<b>Emerenciano Sena y Marcela Acu\u00f1a<\/b>, est\u00e1n imputados como\u00a0<b>coautores del mismo delito<\/b>. Para los investigadores, ambos participaron en la planificaci\u00f3n y el encubrimiento del crimen, coordinando tareas y utilizando su influencia pol\u00edtica y social para intentar desviar la investigaci\u00f3n.<\/p>\n<figure class=\"\" data-testid=\"figure-testid\">\n<div class=\"aspect_ratio__container\"><picture class=\"responsive-image\"><source srcset=\"https:\/\/tn.com.ar\/resizer\/v2\/la-familia-sena-esta-acusada-del-femicidio-de-cecilia-foto-tn-VSUQWIKDRBESRCTGJHJE6TF3BI.png?auth=53009095450e5517291574cbc36d20b36045686bbcea7e812d86f288653c2e84&amp;width=767\" type=\"image\/jpg\" media=\"(max-width: 728px)\" \/><source srcset=\"https:\/\/tn.com.ar\/resizer\/v2\/la-familia-sena-esta-acusada-del-femicidio-de-cecilia-foto-tn-VSUQWIKDRBESRCTGJHJE6TF3BI.png?auth=53009095450e5517291574cbc36d20b36045686bbcea7e812d86f288653c2e84&amp;width=1023\" type=\"image\/jpg\" media=\"(max-width: 1023px)\" \/><source srcset=\"https:\/\/tn.com.ar\/resizer\/v2\/la-familia-sena-esta-acusada-del-femicidio-de-cecilia-foto-tn-VSUQWIKDRBESRCTGJHJE6TF3BI.png?auth=53009095450e5517291574cbc36d20b36045686bbcea7e812d86f288653c2e84&amp;width=1440\" type=\"image\/jpg\" \/><img loading=\"lazy\" decoding=\"async\" class=\"image content-image image_placeholder\" src=\"https:\/\/tn.com.ar\/resizer\/v2\/la-familia-sena-esta-acusada-del-femicidio-de-cecilia-foto-tn-VSUQWIKDRBESRCTGJHJE6TF3BI.png?auth=53009095450e5517291574cbc36d20b36045686bbcea7e812d86f288653c2e84&amp;width=767\" alt=\"La familia Sena est\u00e1 acusada del femicidio de Cecilia. (Foto: TN)\" width=\"767\" height=\"430\" data-testid=\"loading-testid\" \/><\/picture><\/div><figcaption class=\"caption_image\" data-testid=\"figcaption-testid\">\n<div class=\"image_caption \">La familia Sena est\u00e1 acusada del femicidio de Cecilia. (Foto: TN)<\/div>\n<\/figcaption><\/figure>\n<p class=\"paragraph font__body-regular\">El resto de los acusados son\u00a0<b>Fabiana Gonz\u00e1lez y su pareja, Jos\u00e9 Gustavo Obreg\u00f3n<\/b>, integrantes del c\u00edrculo de confianza de los Sena, y\u00a0<b>Gustavo Melgarejo y su esposa, Griselda Reinoso<\/b>, encargados de cuidar el campo familiar conocido como \u201cla chancher\u00eda\u201d. Todos ellos est\u00e1n imputados por\u00a0<b>encubrimiento agravado<\/b>.<\/p>\n<p class=\"paragraph font__body-regular\">Seg\u00fan la acusaci\u00f3n, Gonz\u00e1lez y Obreg\u00f3n ayudaron a limpiar la casa y trasladar objetos personales de la v\u00edctima, mientras que Melgarejo y Reinoso habr\u00edan permitido que en su terreno se quemaran elementos vinculados al crimen y ocultaron informaci\u00f3n clave en los primeros d\u00edas de la investigaci\u00f3n.<\/p>\n<\/div>\n<p>&nbsp;<\/p>\n<\/div>\n<aside class=\"col-right-rail right-rail\">\n<div class=\"brick_most-read brick_menor\"><\/div>\n<div class=\"newsletter-signup\">\n<div class=\"newsletter-form\"><\/div>\n<\/div>\n<\/aside>\n<\/div>\n","protected":false},"excerpt":{"rendered":"<p>Detuvieron a Nicol\u00e1s Boniardi\u00a0Cabra,\u00a0uno de los abogados que integra la defensa de Emerenciano Sena, por\u00a0amenazar a un perito durante el juicio\u00a0por el femicidio de Cecilia Strzyzowski. Boniardi es colaborador de Ricardo Osuna, quien encabeza el equipo que defiende a l\u00edder del clan Sena. Su imagen ya se hab\u00eda hecho p\u00fablica cuando lo sacaron de la [&hellip;]<\/p>\n","protected":false},"author":3,"featured_media":65806,"comment_status":"open","ping_status":"open","sticky":false,"template":"","format":"standard","meta":{"footnotes":""},"categories":[8],"tags":[],"class_list":["post-65805","post","type-post","status-publish","format-standard","has-post-thumbnail","hentry","category-policiales"],"_links":{"self":[{"href":"http:\/\/informateesquina.com\/index.php?rest_route=\/wp\/v2\/posts\/65805","targetHints":{"allow":["GET"]}}],"collection":[{"href":"http:\/\/informateesquina.com\/index.php?rest_route=\/wp\/v2\/posts"}],"about":[{"href":"http:\/\/informateesquina.com\/index.php?rest_route=\/wp\/v2\/types\/post"}],"author":[{"embeddable":true,"href":"http:\/\/informateesquina.com\/index.php?rest_route=\/wp\/v2\/users\/3"}],"replies":[{"embeddable":true,"href":"http:\/\/informateesquina.com\/index.php?rest_route=%2Fwp%2Fv2%2Fcomments&post=65805"}],"version-history":[{"count":3,"href":"http:\/\/informateesquina.com\/index.php?rest_route=\/wp\/v2\/posts\/65805\/revisions"}],"predecessor-version":[{"id":65809,"href":"http:\/\/informateesquina.com\/index.php?rest_route=\/wp\/v2\/posts\/65805\/revisions\/65809"}],"wp:featuredmedia":[{"embeddable":true,"href":"http:\/\/informateesquina.com\/index.php?rest_route=\/wp\/v2\/media\/65806"}],"wp:attachment":[{"href":"http:\/\/informateesquina.com\/index.php?rest_route=%2Fwp%2Fv2%2Fmedia&parent=65805"}],"wp:term":[{"taxonomy":"category","embeddable":true,"href":"http:\/\/informateesquina.com\/index.php?rest_route=%2Fwp%2Fv2%2Fcategories&post=65805"},{"taxonomy":"post_tag","embeddable":true,"href":"http:\/\/informateesquina.com\/index.php?rest_route=%2Fwp%2Fv2%2Ftags&post=65805"}],"curies":[{"name":"wp","href":"https:\/\/api.w.org\/{rel}","templated":true}]}}