{"id":67859,"date":"2026-04-28T03:00:53","date_gmt":"2026-04-28T06:00:53","guid":{"rendered":"https:\/\/informateesquina.com\/?p=67859"},"modified":"2026-04-28T06:01:05","modified_gmt":"2026-04-28T09:01:05","slug":"extienden-la-inscripcion-para-la-tecnicatura-mecanica-en-la-escuela-tecnica-vidal","status":"publish","type":"post","link":"http:\/\/informateesquina.com\/?p=67859","title":{"rendered":"Extienden la inscripci\u00f3n para la Tecnicatura Mec\u00e1nica en la Escuela T\u00e9cnica Vidal"},"content":{"rendered":"<p data-start=\"347\" data-end=\"538\">La carrera tiene una duraci\u00f3n de <strong data-start=\"380\" data-end=\"390\">4 a\u00f1os<\/strong>, con t\u00edtulo de <strong data-start=\"406\" data-end=\"426\">validez nacional<\/strong>, y se cursa en un solo turno, de <strong data-start=\"460\" data-end=\"496\">lunes a viernes de 16:00 a 22:00<\/strong>, combinando formaci\u00f3n te\u00f3rica y pr\u00e1ctica.<\/p>\n<p data-start=\"540\" data-end=\"674\">Est\u00e1 destinada a estudiantes que tengan aprobado <strong data-start=\"592\" data-end=\"629\">3\u00b0 a\u00f1o del secundario en adelante<\/strong>, con un l\u00edmite de edad de <strong data-start=\"656\" data-end=\"673\">hasta 20 a\u00f1os<\/strong>.<\/p>\n<p data-start=\"676\" data-end=\"913\">En cuanto a la inscripci\u00f3n, Toffalo aclar\u00f3 que es <strong data-start=\"729\" data-end=\"742\">accesible<\/strong>, con costos m\u00ednimos vinculados a materiales, y que la escuela brinda <strong data-start=\"812\" data-end=\"824\">tutor\u00edas<\/strong> para quienes provienen de otras instituciones y no cuentan con formaci\u00f3n t\u00e9cnica previa.<\/p>\n<p data-start=\"915\" data-end=\"1057\">Para consultas, los interesados pueden acercarse personalmente a la instituci\u00f3n o comunicarse a trav\u00e9s del Instagram oficial de la escuela.<\/p>\n<p data-start=\"1059\" data-end=\"1162\">\u201cInvitamos a los chicos y a las familias a sacarse todas las dudas y acercarse\u201d, expres\u00f3 el docente.<\/p>\n<p data-start=\"1164\" data-end=\"1237\" data-is-last-node=\"\" data-is-only-node=\"\">\n","protected":false},"excerpt":{"rendered":"<p>La carrera tiene una duraci\u00f3n de 4 a\u00f1os, con t\u00edtulo de validez nacional, y se cursa en un solo turno, de lunes a viernes de 16:00 a 22:00, combinando formaci\u00f3n te\u00f3rica y pr\u00e1ctica. Est\u00e1 destinada a estudiantes que tengan aprobado 3\u00b0 a\u00f1o del secundario en adelante, con un l\u00edmite de edad de hasta 20 a\u00f1os. [&hellip;]<\/p>\n","protected":false},"author":3,"featured_media":67860,"comment_status":"open","ping_status":"open","sticky":false,"template":"","format":"standard","meta":{"footnotes":""},"categories":[6],"tags":[],"class_list":["post-67859","post","type-post","status-publish","format-standard","has-post-thumbnail","hentry","category-locales"],"_links":{"self":[{"href":"http:\/\/informateesquina.com\/index.php?rest_route=\/wp\/v2\/posts\/67859","targetHints":{"allow":["GET"]}}],"collection":[{"href":"http:\/\/informateesquina.com\/index.php?rest_route=\/wp\/v2\/posts"}],"about":[{"href":"http:\/\/informateesquina.com\/index.php?rest_route=\/wp\/v2\/types\/post"}],"author":[{"embeddable":true,"href":"http:\/\/informateesquina.com\/index.php?rest_route=\/wp\/v2\/users\/3"}],"replies":[{"embeddable":true,"href":"http:\/\/informateesquina.com\/index.php?rest_route=%2Fwp%2Fv2%2Fcomments&post=67859"}],"version-history":[{"count":1,"href":"http:\/\/informateesquina.com\/index.php?rest_route=\/wp\/v2\/posts\/67859\/revisions"}],"predecessor-version":[{"id":67861,"href":"http:\/\/informateesquina.com\/index.php?rest_route=\/wp\/v2\/posts\/67859\/revisions\/67861"}],"wp:featuredmedia":[{"embeddable":true,"href":"http:\/\/informateesquina.com\/index.php?rest_route=\/wp\/v2\/media\/67860"}],"wp:attachment":[{"href":"http:\/\/informateesquina.com\/index.php?rest_route=%2Fwp%2Fv2%2Fmedia&parent=67859"}],"wp:term":[{"taxonomy":"category","embeddable":true,"href":"http:\/\/informateesquina.com\/index.php?rest_route=%2Fwp%2Fv2%2Fcategories&post=67859"},{"taxonomy":"post_tag","embeddable":true,"href":"http:\/\/informateesquina.com\/index.php?rest_route=%2Fwp%2Fv2%2Ftags&post=67859"}],"curies":[{"name":"wp","href":"https:\/\/api.w.org\/{rel}","templated":true}]}}