{"id":67866,"date":"2026-04-27T20:06:48","date_gmt":"2026-04-27T23:06:48","guid":{"rendered":"https:\/\/informateesquina.com\/?p=67866"},"modified":"2026-04-28T06:07:03","modified_gmt":"2026-04-28T09:07:03","slug":"esquina-inauguran-el-merendero-rojo-y-negro-en-la-cancha-de-esquina-football-club","status":"publish","type":"post","link":"http:\/\/informateesquina.com\/?p=67866","title":{"rendered":"Esquina: inauguran el merendero \u201cRojo y Negro\u201d en la cancha de Esquina Football Club"},"content":{"rendered":"<section class=\"text-token-text-primary w-full focus:outline-none [--shadow-height:45px] has-data-writing-block:pointer-events-none has-data-writing-block:-mt-(--shadow-height) has-data-writing-block:pt-(--shadow-height) [&amp;:has([data-writing-block])&gt;*]:pointer-events-auto R6Vx5W_threadScrollVars scroll-mb-[calc(var(--scroll-root-safe-area-inset-bottom,0px)+var(--thread-response-height))] scroll-mt-(--header-height)\" dir=\"auto\" data-turn-id=\"49a6adf5-93d9-4690-8d0b-07e4993a213d\" data-testid=\"conversation-turn-31\" data-scroll-anchor=\"false\" data-turn=\"user\"><\/section>\n<section class=\"text-token-text-primary w-full focus:outline-none [--shadow-height:45px] has-data-writing-block:pointer-events-none has-data-writing-block:-mt-(--shadow-height) has-data-writing-block:pt-(--shadow-height) [&amp;:has([data-writing-block])&gt;*]:pointer-events-auto [content-visibility:auto] supports-[content-visibility:auto]:[contain-intrinsic-size:auto_100lvh] R6Vx5W_threadScrollVars scroll-mb-[calc(var(--scroll-root-safe-area-inset-bottom,0px)+var(--thread-response-height))] scroll-mt-[calc(var(--header-height)+min(200px,max(70px,20svh)))]\" dir=\"auto\" data-turn-id=\"request-WEB:094ce069-2a3d-4a04-b4fa-791c122923ee-15\" data-testid=\"conversation-turn-32\" data-scroll-anchor=\"false\" data-turn=\"assistant\">\n<div class=\"text-base my-auto mx-auto pb-10 [--thread-content-margin:var(--thread-content-margin-xs,calc(var(--spacing)*4))] @w-sm\/main:[--thread-content-margin:var(--thread-content-margin-sm,calc(var(--spacing)*6))] @w-lg\/main:[--thread-content-margin:var(--thread-content-margin-lg,calc(var(--spacing)*16))] px-(--thread-content-margin)\">\n<div class=\"[--thread-content-max-width:40rem] @w-lg\/main:[--thread-content-max-width:48rem] mx-auto max-w-(--thread-content-max-width) flex-1 group\/turn-messages focus-visible:outline-hidden relative flex w-full min-w-0 flex-col agent-turn\">\n<div class=\"flex max-w-full flex-col gap-4 grow\">\n<div class=\"min-h-8 text-message relative flex w-full flex-col items-end gap-2 text-start break-words whitespace-normal outline-none keyboard-focused:focus-ring [.text-message+&amp;]:mt-1\" dir=\"auto\" tabindex=\"0\" data-message-author-role=\"assistant\" data-message-id=\"74017a90-a72a-497f-aa19-1f08a18faf77\" data-message-model-slug=\"gpt-5-3\" data-turn-start-message=\"true\">\n<div class=\"flex w-full flex-col gap-1 empty:hidden\">\n<div class=\"markdown prose dark:prose-invert w-full wrap-break-word light markdown-new-styling\">\n<p data-start=\"327\" data-end=\"530\">El evento se llevar\u00e1 a cabo en el predio ubicado en la intersecci\u00f3n de Hip\u00f3lito Yrigoyen y Los Aromos, en la cancha \u201cRub\u00e9n Garc\u00eda\u201d, donde se espera la participaci\u00f3n de vecinos y miembros de la comunidad.<\/p>\n<p data-start=\"532\" data-end=\"684\">El merendero tendr\u00e1 como objetivo brindar un espacio de contenci\u00f3n y asistencia, ofreciendo meriendas y acompa\u00f1amiento a ni\u00f1os y familias del barrio.<\/p>\n<p data-start=\"686\" data-end=\"818\">La jornada ser\u00e1 de car\u00e1cter festivo, en el marco de la apertura oficial de este nuevo lugar solidario impulsado por la comunidad.<\/p>\n<\/div>\n<\/div>\n<\/div>\n<\/div>\n<\/div>\n<\/div>\n<\/section>\n","protected":false},"excerpt":{"rendered":"<p>El evento se llevar\u00e1 a cabo en el predio ubicado en la intersecci\u00f3n de Hip\u00f3lito Yrigoyen y Los Aromos, en la cancha \u201cRub\u00e9n Garc\u00eda\u201d, donde se espera la participaci\u00f3n de vecinos y miembros de la comunidad. El merendero tendr\u00e1 como objetivo brindar un espacio de contenci\u00f3n y asistencia, ofreciendo meriendas y acompa\u00f1amiento a ni\u00f1os y [&hellip;]<\/p>\n","protected":false},"author":3,"featured_media":67867,"comment_status":"open","ping_status":"open","sticky":false,"template":"","format":"standard","meta":{"footnotes":""},"categories":[6],"tags":[],"class_list":["post-67866","post","type-post","status-publish","format-standard","has-post-thumbnail","hentry","category-locales"],"_links":{"self":[{"href":"http:\/\/informateesquina.com\/index.php?rest_route=\/wp\/v2\/posts\/67866","targetHints":{"allow":["GET"]}}],"collection":[{"href":"http:\/\/informateesquina.com\/index.php?rest_route=\/wp\/v2\/posts"}],"about":[{"href":"http:\/\/informateesquina.com\/index.php?rest_route=\/wp\/v2\/types\/post"}],"author":[{"embeddable":true,"href":"http:\/\/informateesquina.com\/index.php?rest_route=\/wp\/v2\/users\/3"}],"replies":[{"embeddable":true,"href":"http:\/\/informateesquina.com\/index.php?rest_route=%2Fwp%2Fv2%2Fcomments&post=67866"}],"version-history":[{"count":1,"href":"http:\/\/informateesquina.com\/index.php?rest_route=\/wp\/v2\/posts\/67866\/revisions"}],"predecessor-version":[{"id":67868,"href":"http:\/\/informateesquina.com\/index.php?rest_route=\/wp\/v2\/posts\/67866\/revisions\/67868"}],"wp:featuredmedia":[{"embeddable":true,"href":"http:\/\/informateesquina.com\/index.php?rest_route=\/wp\/v2\/media\/67867"}],"wp:attachment":[{"href":"http:\/\/informateesquina.com\/index.php?rest_route=%2Fwp%2Fv2%2Fmedia&parent=67866"}],"wp:term":[{"taxonomy":"category","embeddable":true,"href":"http:\/\/informateesquina.com\/index.php?rest_route=%2Fwp%2Fv2%2Fcategories&post=67866"},{"taxonomy":"post_tag","embeddable":true,"href":"http:\/\/informateesquina.com\/index.php?rest_route=%2Fwp%2Fv2%2Ftags&post=67866"}],"curies":[{"name":"wp","href":"https:\/\/api.w.org\/{rel}","templated":true}]}}