{"id":67869,"date":"2026-04-24T16:09:10","date_gmt":"2026-04-24T19:09:10","guid":{"rendered":"https:\/\/informateesquina.com\/?p=67869"},"modified":"2026-04-28T06:09:28","modified_gmt":"2026-04-28T09:09:28","slug":"esquina-brindaron-una-charla-sobre-drogas-y-reconocieron-al-dr-carlos-rodriguez","status":"publish","type":"post","link":"http:\/\/informateesquina.com\/?p=67869","title":{"rendered":"Esquina: brindaron una charla sobre drogas y reconocieron al Dr. Carlos Rodr\u00edguez"},"content":{"rendered":"<p data-start=\"333\" data-end=\"563\">Durante su exposici\u00f3n, el profesional abord\u00f3 la problem\u00e1tica de las adicciones desde la salud mental, destacando la importancia del acompa\u00f1amiento familiar y el rol clave de los padres en la prevenci\u00f3n y contenci\u00f3n de los j\u00f3venes.<\/p>\n<p data-start=\"565\" data-end=\"876\">Tras la actividad, el especialista recibi\u00f3 un reconocimiento por parte de los concejales <span class=\"hover:entity-accent entity-underline inline cursor-pointer align-baseline\"><span class=\"whitespace-normal\">Julio D\u2019oria<\/span><\/span> y <span class=\"hover:entity-accent entity-underline inline cursor-pointer align-baseline\"><span class=\"whitespace-normal\">Carlos Oviedo<\/span><\/span>, junto al p\u00e1rroco <span class=\"hover:entity-accent entity-underline inline cursor-pointer align-baseline\"><span class=\"whitespace-normal\">Pedro Ojeda<\/span><\/span>, el pastor <span class=\"hover:entity-accent entity-underline inline cursor-pointer align-baseline\"><span class=\"whitespace-normal\">Luis Vallejo<\/span><\/span> y el grupo \u201cComprometidos con la Vida\u201d.<\/p>\n<p data-start=\"878\" data-end=\"1073\">La distinci\u00f3n se enmarca en la declaraci\u00f3n de Inter\u00e9s Municipal por parte del Honorable Concejo Deliberante, que destac\u00f3 el valor de este tipo de espacios de concientizaci\u00f3n para la comunidad.<\/p>\n<p data-start=\"1075\" data-end=\"1229\">Desde la organizaci\u00f3n remarcaron la importancia del trabajo conjunto entre instituciones, familias y referentes sociales para abordar esta problem\u00e1tica.<\/p>\n","protected":false},"excerpt":{"rendered":"<p>Durante su exposici\u00f3n, el profesional abord\u00f3 la problem\u00e1tica de las adicciones desde la salud mental, destacando la importancia del acompa\u00f1amiento familiar y el rol clave de los padres en la prevenci\u00f3n y contenci\u00f3n de los j\u00f3venes. Tras la actividad, el especialista recibi\u00f3 un reconocimiento por parte de los concejales Julio D\u2019oria y Carlos Oviedo, junto [&hellip;]<\/p>\n","protected":false},"author":3,"featured_media":67870,"comment_status":"open","ping_status":"open","sticky":false,"template":"","format":"standard","meta":{"footnotes":""},"categories":[6],"tags":[],"class_list":["post-67869","post","type-post","status-publish","format-standard","has-post-thumbnail","hentry","category-locales"],"_links":{"self":[{"href":"http:\/\/informateesquina.com\/index.php?rest_route=\/wp\/v2\/posts\/67869","targetHints":{"allow":["GET"]}}],"collection":[{"href":"http:\/\/informateesquina.com\/index.php?rest_route=\/wp\/v2\/posts"}],"about":[{"href":"http:\/\/informateesquina.com\/index.php?rest_route=\/wp\/v2\/types\/post"}],"author":[{"embeddable":true,"href":"http:\/\/informateesquina.com\/index.php?rest_route=\/wp\/v2\/users\/3"}],"replies":[{"embeddable":true,"href":"http:\/\/informateesquina.com\/index.php?rest_route=%2Fwp%2Fv2%2Fcomments&post=67869"}],"version-history":[{"count":1,"href":"http:\/\/informateesquina.com\/index.php?rest_route=\/wp\/v2\/posts\/67869\/revisions"}],"predecessor-version":[{"id":67871,"href":"http:\/\/informateesquina.com\/index.php?rest_route=\/wp\/v2\/posts\/67869\/revisions\/67871"}],"wp:featuredmedia":[{"embeddable":true,"href":"http:\/\/informateesquina.com\/index.php?rest_route=\/wp\/v2\/media\/67870"}],"wp:attachment":[{"href":"http:\/\/informateesquina.com\/index.php?rest_route=%2Fwp%2Fv2%2Fmedia&parent=67869"}],"wp:term":[{"taxonomy":"category","embeddable":true,"href":"http:\/\/informateesquina.com\/index.php?rest_route=%2Fwp%2Fv2%2Fcategories&post=67869"},{"taxonomy":"post_tag","embeddable":true,"href":"http:\/\/informateesquina.com\/index.php?rest_route=%2Fwp%2Fv2%2Ftags&post=67869"}],"curies":[{"name":"wp","href":"https:\/\/api.w.org\/{rel}","templated":true}]}}