{"id":58934,"date":"2024-03-13T21:03:02","date_gmt":"2024-03-14T00:03:02","guid":{"rendered":"https:\/\/informateesquina.com\/?p=58934"},"modified":"2024-03-13T21:03:25","modified_gmt":"2024-03-14T00:03:25","slug":"el-ministerio-de-educacion-de-corrientes-garantiza-plan-alimentario-en-escuelas-publicas","status":"publish","type":"post","link":"https:\/\/informateesquina.com\/?p=58934","title":{"rendered":"El Ministerio de Educaci\u00f3n de Corrientes garantiza plan alimentario en escuelas p\u00fablicas"},"content":{"rendered":"<header>\n<h1><span style=\"color: #333333; font-size: 15px;\">El Ministerio de Educaci\u00f3n de la Provincia emiti\u00f3 un comunicado en el cu\u00e1l desmiente &#8220;categ\u00f3ricamente&#8221; las versiones que circulan desde hace algunas horas, y que hablan de una supuesta suspensi\u00f3n del env\u00edo de refrigerios y almuerzos a las escuelas correntinas.<\/span><\/h1>\n<div class=\"meta\"><\/div>\n<\/header>\n<section class=\"body\">\n<section class=\"content\">\n<figure class=\"big-column\"><picture><source srcset=\"https:\/\/www.diarioepoca.com\/content\/bucket\/8\/1352598w850h503c.jpg.webp\" type=\"image\/webp\" media=\"(min-width: 640px)\" \/><source srcset=\"https:\/\/www.diarioepoca.com\/content\/bucket\/8\/1352598w480h284c.jpg.webp\" type=\"image\/webp\" media=\"(min-width: 300px)\" \/><source srcset=\"https:\/\/www.diarioepoca.com\/content\/bucket\/8\/1352598w850h503c.jpg\" media=\"(min-width: 300px)\" \/><img loading=\"lazy\" decoding=\"async\" class=\"pic\" src=\"https:\/\/www.diarioepoca.com\/content\/bucket\/8\/1352598w850h503c.jpg.webp\" alt=\"\" width=\"850\" height=\"503\" \/><\/picture><\/figure>\n<div class=\"main-text\">\n<div class=\"social\">\n<div class=\"share\"><\/div>\n<\/div>\n<p>Frente a esta situaci\u00f3n, la cartera educativa confirma que &#8220;est\u00e1 absolutamente garantizado el env\u00edo de las raciones correspondientes a refrigerios y almuerzo en funci\u00f3n de la matr\u00edcula informada por cada instituci\u00f3n educativa, dado que el Plan Alimentario se viene desarrollando con normalidad y con recursos 100% provinciales&#8221;.<\/p>\n<\/div>\n<\/section>\n<\/section>\n","protected":false},"excerpt":{"rendered":"<p>El Ministerio de Educaci\u00f3n de la Provincia emiti\u00f3 un comunicado en el cu\u00e1l desmiente &#8220;categ\u00f3ricamente&#8221; las versiones que circulan desde hace algunas horas, y que hablan de una supuesta suspensi\u00f3n del env\u00edo de refrigerios y almuerzos a las escuelas correntinas. Frente a esta situaci\u00f3n, la cartera educativa confirma que &#8220;est\u00e1 absolutamente garantizado el env\u00edo de [&hellip;]<\/p>\n","protected":false},"author":3,"featured_media":58935,"comment_status":"open","ping_status":"open","sticky":false,"template":"","format":"standard","meta":{"footnotes":""},"categories":[10,11],"tags":[],"class_list":["post-58934","post","type-post","status-publish","format-standard","has-post-thumbnail","hentry","category-provinciales","category-sociedad"],"_links":{"self":[{"href":"https:\/\/informateesquina.com\/index.php?rest_route=\/wp\/v2\/posts\/58934","targetHints":{"allow":["GET"]}}],"collection":[{"href":"https:\/\/informateesquina.com\/index.php?rest_route=\/wp\/v2\/posts"}],"about":[{"href":"https:\/\/informateesquina.com\/index.php?rest_route=\/wp\/v2\/types\/post"}],"author":[{"embeddable":true,"href":"https:\/\/informateesquina.com\/index.php?rest_route=\/wp\/v2\/users\/3"}],"replies":[{"embeddable":true,"href":"https:\/\/informateesquina.com\/index.php?rest_route=%2Fwp%2Fv2%2Fcomments&post=58934"}],"version-history":[{"count":1,"href":"https:\/\/informateesquina.com\/index.php?rest_route=\/wp\/v2\/posts\/58934\/revisions"}],"predecessor-version":[{"id":58936,"href":"https:\/\/informateesquina.com\/index.php?rest_route=\/wp\/v2\/posts\/58934\/revisions\/58936"}],"wp:featuredmedia":[{"embeddable":true,"href":"https:\/\/informateesquina.com\/index.php?rest_route=\/wp\/v2\/media\/58935"}],"wp:attachment":[{"href":"https:\/\/informateesquina.com\/index.php?rest_route=%2Fwp%2Fv2%2Fmedia&parent=58934"}],"wp:term":[{"taxonomy":"category","embeddable":true,"href":"https:\/\/informateesquina.com\/index.php?rest_route=%2Fwp%2Fv2%2Fcategories&post=58934"},{"taxonomy":"post_tag","embeddable":true,"href":"https:\/\/informateesquina.com\/index.php?rest_route=%2Fwp%2Fv2%2Ftags&post=58934"}],"curies":[{"name":"wp","href":"https:\/\/api.w.org\/{rel}","templated":true}]}}