{"id":58986,"date":"2024-03-20T18:21:30","date_gmt":"2024-03-20T21:21:30","guid":{"rendered":"https:\/\/informateesquina.com\/?p=58986"},"modified":"2024-03-20T18:21:30","modified_gmt":"2024-03-20T21:21:30","slug":"sin-lionel-messi-quien-puede-ser-el-10-de-la-seleccion-argentina","status":"publish","type":"post","link":"https:\/\/informateesquina.com\/?p=58986","title":{"rendered":"Sin Lionel Messi: \u00bfqui\u00e9n puede ser el &#8220;10&#8221; de la Selecci\u00f3n Argentina?"},"content":{"rendered":"<div class=\"row\">\n<div class=\"col-12 col-md-12 col-lg-8\">\n<section class=\"detail-body content-protected-false\">\n<div class=\"detail-gallery\">\n<div class=\"gallery lite\">\n<div class=\"itemGallery classid7881518\">\n<div class=\"gallery-slide\">\n<figure class=\"gallery-figure\"><img loading=\"lazy\" decoding=\"async\" class=\"gallery-figure-img img-fluid\" title=\"Sin Lionel Messi: \u00bfqui\u00e9n puede ser el 10 de la Selecci\u00f3n Argentina?\" src=\"https:\/\/media.minutouno.com\/p\/447bf78ad1bccf0ccd9a247d64a56a95\/adjuntos\/150\/imagenes\/041\/197\/0041197104\/camiseta-messi-subastajpg.jpg\" alt=\"Sin Lionel Messi: \u00bfqui\u00e9n puede ser el 10 de la Selecci\u00f3n Argentina?\" width=\"610\" height=\"456\" \/><\/p>\n<div class=\"gallery-nav\"><\/div>\n<\/figure>\n<\/div>\n<div class=\"figure-caption\">\n<div class=\"credit-media  \"><\/div>\n<\/div>\n<\/div>\n<\/div>\n<\/div>\n<\/section>\n<section class=\"detail-body first-paragraph\">\n<section id=\"note-body\" class=\"body-content note-body content-protected-false\" data-twitter-link=\"https:\/\/twitter.com\/intent\/tweet?url=https:\/\/www.minutouno.com\/c5968569&amp;v\u00eda=Ambitocom&amp;related=MinutoUno&amp;text=\">La\u00a0<strong>Selecci\u00f3n Argentina<\/strong>\u00a0sum\u00f3 su primera pr\u00e1ctica en Filadelfia, Estados Unidos y, los dirigidos por\u00a0<strong>Lionel Scaloni<\/strong>\u00a0pusieron el foco en\u00a0<strong>El Salvador<\/strong>, el primer rival de la gira, en el que no podr\u00e1 contar con\u00a0<strong>Lionel Messi<\/strong>\u00a0por una lesi\u00f3n. Por esta raz\u00f3n, el equipo deber\u00e1 cambiar y esa es el primer pensamiento para el entrenador.<\/p>\n<\/section>\n<\/section>\n<section class=\"detail-body second-paragraph\">\n<section class=\"body-content note-body content-protected-false\">Adem\u00e1s del armado del equipo, la inc\u00f3gnita que aparece c\u00f3mo cada vez que el rosarino se ausenta, es qui\u00e9n utilizar\u00e1 la camiseta n\u00famero 10. Dentro de los futbolistas citados a la que han llevado ese dorsal en su camiseta cuando Leo no estuvo presente, aparece un solo caso y es el de\u00a0<strong>\u00c1ngel Di Mar\u00eda<\/strong>. El Fideo la utiliz\u00f3 en 2015 con\u00a0<strong>Tata Martino\u00a0<\/strong>de entrenador para un cl\u00e1sico ante\u00a0<strong>Brasil<\/strong>, en el cual\u00a0<strong>Messi\u00a0<\/strong>no se encontraba en el seleccionado.<\/p>\n<\/section>\n<\/section>\n<section class=\"detail-body\">\n<section class=\"body-content note-body content-protected-false\">En la \u00faltima gira, el\u00a0<strong>Fideo\u00a0<\/strong>prefiri\u00f3 seguir utilizando la 11 a pesar de la ausencia de\u00a0<strong>Messi\u00a0<\/strong>y el que tuvo el honor de usarla fue\u00a0<strong>\u00c1ngel Correa<\/strong>, que se ausenta en esta convocatoria. Con este panorama, hay muchas chances que un nuevo futbolista tenga que cargar con ese n\u00famero.<\/p>\n<div id=\"7914347-Libre-2053137837_wrap\" class=\"embed_cont type_imagen\" contenteditable=\"false\">\n<div id=\"7914347-Libre-2053137837_content\" class=\"embed_content\"><img decoding=\"async\" id=\"7914347-Libre-2053137837_embed\" title=\"\" src=\"https:\/\/media.minutouno.com\/p\/02a8236dd22b48eeec21166cc121d19e\/adjuntos\/150\/imagenes\/041\/393\/0041393829\/610x0\/smart\/imagepng.png\" alt=\"\" width=\"610\" height=\"undefined\" data-td-src-property=\"https:\/\/media.minutouno.com\/p\/02a8236dd22b48eeec21166cc121d19e\/adjuntos\/150\/imagenes\/041\/393\/0041393829\/610x0\/smart\/imagepng.png\" \/><\/div>\n<\/div>\n<h2>LOS JUGADORES DE ARGENTINA QUE USAN LA 10 EN SUS EQUIPOS<\/h2>\n<p>M\u00e1s all\u00e1 de\u00a0<strong>Messi<\/strong>, existen otros futbolistas que portan la 10 en sus equipos. En la actualidad, son\u00a0<strong>Alexis Mac Allister<\/strong>\u00a0en Liverpool,\u00a0<strong>Lautaro Mart\u00ednez\u00a0<\/strong>en Inter y<strong>\u00a0Nicol\u00e1s Gonz\u00e1lez\u00a0<\/strong>en Fiorentina los que visten dicho n\u00famero. Sin embargo, otros jugadores la han utilizado en el pasado.<\/p>\n<\/section>\n<\/section>\n<\/div>\n<\/div>\n","protected":false},"excerpt":{"rendered":"<p>La\u00a0Selecci\u00f3n Argentina\u00a0sum\u00f3 su primera pr\u00e1ctica en Filadelfia, Estados Unidos y, los dirigidos por\u00a0Lionel Scaloni\u00a0pusieron el foco en\u00a0El Salvador, el primer rival de la gira, en el que no podr\u00e1 contar con\u00a0Lionel Messi\u00a0por una lesi\u00f3n. Por esta raz\u00f3n, el equipo deber\u00e1 cambiar y esa es el primer pensamiento para el entrenador. Adem\u00e1s del armado del equipo, [&hellip;]<\/p>\n","protected":false},"author":3,"featured_media":58987,"comment_status":"open","ping_status":"open","sticky":false,"template":"","format":"standard","meta":{"footnotes":""},"categories":[3,7],"tags":[],"class_list":["post-58986","post","type-post","status-publish","format-standard","has-post-thumbnail","hentry","category-deportes","category-nacionales"],"_links":{"self":[{"href":"https:\/\/informateesquina.com\/index.php?rest_route=\/wp\/v2\/posts\/58986","targetHints":{"allow":["GET"]}}],"collection":[{"href":"https:\/\/informateesquina.com\/index.php?rest_route=\/wp\/v2\/posts"}],"about":[{"href":"https:\/\/informateesquina.com\/index.php?rest_route=\/wp\/v2\/types\/post"}],"author":[{"embeddable":true,"href":"https:\/\/informateesquina.com\/index.php?rest_route=\/wp\/v2\/users\/3"}],"replies":[{"embeddable":true,"href":"https:\/\/informateesquina.com\/index.php?rest_route=%2Fwp%2Fv2%2Fcomments&post=58986"}],"version-history":[{"count":1,"href":"https:\/\/informateesquina.com\/index.php?rest_route=\/wp\/v2\/posts\/58986\/revisions"}],"predecessor-version":[{"id":58988,"href":"https:\/\/informateesquina.com\/index.php?rest_route=\/wp\/v2\/posts\/58986\/revisions\/58988"}],"wp:featuredmedia":[{"embeddable":true,"href":"https:\/\/informateesquina.com\/index.php?rest_route=\/wp\/v2\/media\/58987"}],"wp:attachment":[{"href":"https:\/\/informateesquina.com\/index.php?rest_route=%2Fwp%2Fv2%2Fmedia&parent=58986"}],"wp:term":[{"taxonomy":"category","embeddable":true,"href":"https:\/\/informateesquina.com\/index.php?rest_route=%2Fwp%2Fv2%2Fcategories&post=58986"},{"taxonomy":"post_tag","embeddable":true,"href":"https:\/\/informateesquina.com\/index.php?rest_route=%2Fwp%2Fv2%2Ftags&post=58986"}],"curies":[{"name":"wp","href":"https:\/\/api.w.org\/{rel}","templated":true}]}}