{"id":59676,"date":"2024-09-24T16:16:15","date_gmt":"2024-09-24T19:16:15","guid":{"rendered":"https:\/\/informateesquina.com\/?p=59676"},"modified":"2024-09-24T16:16:15","modified_gmt":"2024-09-24T19:16:15","slug":"salud-publica-asistio-en-la-45a-peregrinacion-juvenil-del-nea-a-itati","status":"publish","type":"post","link":"https:\/\/informateesquina.com\/?p=59676","title":{"rendered":"Salud P\u00fablica asisti\u00f3 en la 45\u00aa Peregrinaci\u00f3n Juvenil del NEA a Itat\u00ed"},"content":{"rendered":"<p><em>La Direcci\u00f3n de Operativos Sanitarios de la Provincia, acompa\u00f1\u00f3 a los fieles que llegaron el fin de semana a la bas\u00edlica. Estuvieron por la ruta y tambi\u00e9n colocaron una carpa sanitaria al lado del templo. Se trabaj\u00f3 con los hospitales de Itat\u00ed y de la regi\u00f3n.<\/em><\/p>\n<p>&nbsp;<\/p>\n<p>&nbsp;<\/p>\n<p>El Ministerio de Salud P\u00fablica acompa\u00f1\u00f3 a los fieles en la 45\u00aa Peregrinaci\u00f3n Juvenil del NEA a Itat\u00ed con un dispositivo sanitario. Adem\u00e1s del seguimiento en ruta, el hospital de Itat\u00ed coloc\u00f3 una carpa al lado de la bas\u00edlica donde hicieron atenciones diversas.<\/p>\n<p>\u201cM\u00e1s de 120 agentes del Ministerio de Salud P\u00fablica realizaron la cobertura de la peregrinaci\u00f3n. Desde el viernes a la noche hasta el domingo. Estuvieron personal de los centros de salud de Santa Ana, Ingenio Primer Correntino, Paso de la Patria, San Cosme, Ramada Paso e Itat\u00ed. Ellos, se sumaron a la Direcci\u00f3n de Emergencia Sanitaria DES 107 y la Direcci\u00f3n de Operativos Sanitarios. Los peregrinos contaron con la cobertura de salud requerida\u201d, dijo el director de Operativos Sanitarios,\u00a0Eduardo Farizano.<\/p>\n<p>Adem\u00e1s, precis\u00f3 que hubo \u201c272 atenciones solo desde Operativo de Salud en ruta, estimamos m\u00e1s de 500 atenciones en los distintos servicios y guardias\u201d y agreg\u00f3 que \u201chubo un enorme reconocimiento a todos los agentes de la Salud P\u00fablica que realizan una tarea destacable en silencio\u201d.<\/p>\n<p>\u201cRealizamos controles de hipertensi\u00f3n arterial, curaciones e inyectables. Desde ruta derivamos al hospital de San Cosme 15 pacientes y 3 al Escuela\u201d, se\u00f1al\u00f3 Farizano.<\/p>\n<p><strong>Hospital de Itat\u00ed<\/strong><\/p>\n<p>En cuanto al rol del hospital de Itat\u00ed \u201cDres. Juan Carlos y Alberto Garc\u00eda\u201d, el director de esta instituci\u00f3n,\u00a0Ra\u00fal Mar\u00edn, precis\u00f3 las urgencias que resolvieron y sostuvo que no hubo casos graves que tuvieron que derivar a Capital desde esta instituci\u00f3n sanitaria.<\/p>\n<p>\u201cDesde el viernes, los peregrinos que ya fueron llegando a la bas\u00edlica. Ese d\u00eda, ocurri\u00f3 un accidente, un auto roz\u00f3 a un ciclista, peregrino de Santa Fe, a quien atendimos en este hospital. Estuvo hasta el s\u00e1bado, s\u00f3lo tuvo raspones en la cara. Luego, el s\u00e1bado, recibimos a personas con presi\u00f3n baja, calambres, deshidrataci\u00f3n y lipotimias, entre otros\u201d, detall\u00f3 el director del hospital de Itat\u00ed, Ra\u00fal Mar\u00edn.<\/p>\n<p>A partir del s\u00e1bado, al costado de la bas\u00edlica de la virgen se coloc\u00f3 un gazebo con camilla, silla de ruedas, sueros y con personal del nosocomio que estuvo trabajando de manera coordinada con estudiantes de la Tecnicatura de Enfermer\u00eda de dicha localidad.<\/p>\n<p>\u201cHubo mucha demanda, desde el 21 al mediod\u00eda hasta el domingo a las 23 que empez\u00f3 a descongestionarse el pueblo. Mucho trabajo, pero ninguna situaci\u00f3n grave. En la carpa atendimos a 500 personas, llegaban muy cansados y agotados, con ampollas y otras situaciones que requirieron hacer curaciones. Los casos m\u00e1s complicados se trasladaban al hospital de Itat\u00ed, pero ninguno tuvo que ser derivado desde este hospital a alguno de Capital\u201d, indic\u00f3 Mar\u00edn.<\/p>\n<p>El p\u00e1rroco y rector de la Bas\u00edlica de Itat\u00ed, Porfirio Ram\u00edrez, agradeci\u00f3 el dispositivo sanitario que se despleg\u00f3 en los alrededores del templo. En este sentido, dijo que \u201csin lugar a dudas, todos los aportes que podamos realizar desde nuestras instituciones, hace a que el peregrino se sienta esperado y atendido\u201d.<\/p>\n<p>A su vez, la rectora del Instituto de la Tecnicatura de Enfermer\u00eda, Carmen Almir\u00f3n, agradeci\u00f3 el director del hospital la atenci\u00f3n que brindaron a los profesores y alumnos. Expres\u00f3 que \u201cvaya mis respetos para usted, el equipo del hospital que conjuntamente con nuestro equipo estuvimos frente a la necesidad y cuidado del peregrino\u201d.<\/p>\n<p><img loading=\"lazy\" decoding=\"async\" class=\"alignnone size-medium wp-image-59677\" src=\"http:\/\/informateesquina.com\/wp-content\/uploads\/2024\/09\/imagen-91162-300x225.jpg\" alt=\"\" width=\"300\" height=\"225\" srcset=\"https:\/\/informateesquina.com\/wp-content\/uploads\/2024\/09\/imagen-91162-300x225.jpg 300w, https:\/\/informateesquina.com\/wp-content\/uploads\/2024\/09\/imagen-91162-1024x768.jpg 1024w, https:\/\/informateesquina.com\/wp-content\/uploads\/2024\/09\/imagen-91162-768x576.jpg 768w, https:\/\/informateesquina.com\/wp-content\/uploads\/2024\/09\/imagen-91162-750x563.jpg 750w, https:\/\/informateesquina.com\/wp-content\/uploads\/2024\/09\/imagen-91162-1140x855.jpg 1140w, https:\/\/informateesquina.com\/wp-content\/uploads\/2024\/09\/imagen-91162.jpg 1280w\" sizes=\"auto, (max-width: 300px) 100vw, 300px\" \/><\/p>\n","protected":false},"excerpt":{"rendered":"<p>La Direcci\u00f3n de Operativos Sanitarios de la Provincia, acompa\u00f1\u00f3 a los fieles que llegaron el fin de semana a la bas\u00edlica. Estuvieron por la ruta y tambi\u00e9n colocaron una carpa sanitaria al lado del templo. Se trabaj\u00f3 con los hospitales de Itat\u00ed y de la regi\u00f3n. &nbsp; &nbsp; El Ministerio de Salud P\u00fablica acompa\u00f1\u00f3 a [&hellip;]<\/p>\n","protected":false},"author":3,"featured_media":59678,"comment_status":"open","ping_status":"open","sticky":false,"template":"","format":"standard","meta":{"footnotes":""},"categories":[10],"tags":[],"class_list":["post-59676","post","type-post","status-publish","format-standard","has-post-thumbnail","hentry","category-provinciales"],"_links":{"self":[{"href":"https:\/\/informateesquina.com\/index.php?rest_route=\/wp\/v2\/posts\/59676","targetHints":{"allow":["GET"]}}],"collection":[{"href":"https:\/\/informateesquina.com\/index.php?rest_route=\/wp\/v2\/posts"}],"about":[{"href":"https:\/\/informateesquina.com\/index.php?rest_route=\/wp\/v2\/types\/post"}],"author":[{"embeddable":true,"href":"https:\/\/informateesquina.com\/index.php?rest_route=\/wp\/v2\/users\/3"}],"replies":[{"embeddable":true,"href":"https:\/\/informateesquina.com\/index.php?rest_route=%2Fwp%2Fv2%2Fcomments&post=59676"}],"version-history":[{"count":1,"href":"https:\/\/informateesquina.com\/index.php?rest_route=\/wp\/v2\/posts\/59676\/revisions"}],"predecessor-version":[{"id":59679,"href":"https:\/\/informateesquina.com\/index.php?rest_route=\/wp\/v2\/posts\/59676\/revisions\/59679"}],"wp:featuredmedia":[{"embeddable":true,"href":"https:\/\/informateesquina.com\/index.php?rest_route=\/wp\/v2\/media\/59678"}],"wp:attachment":[{"href":"https:\/\/informateesquina.com\/index.php?rest_route=%2Fwp%2Fv2%2Fmedia&parent=59676"}],"wp:term":[{"taxonomy":"category","embeddable":true,"href":"https:\/\/informateesquina.com\/index.php?rest_route=%2Fwp%2Fv2%2Fcategories&post=59676"},{"taxonomy":"post_tag","embeddable":true,"href":"https:\/\/informateesquina.com\/index.php?rest_route=%2Fwp%2Fv2%2Ftags&post=59676"}],"curies":[{"name":"wp","href":"https:\/\/api.w.org\/{rel}","templated":true}]}}