{"id":60532,"date":"2024-11-29T00:18:13","date_gmt":"2024-11-29T03:18:13","guid":{"rendered":"https:\/\/informateesquina.com\/?p=60532"},"modified":"2024-11-29T00:18:13","modified_gmt":"2024-11-29T03:18:13","slug":"murio-lia-crucet-la-indiscutible-reina-de-la-bailanta-tenia-72-anos","status":"publish","type":"post","link":"https:\/\/informateesquina.com\/?p=60532","title":{"rendered":"Muri\u00f3 L\u00eda Crucet, la indiscutible reina de la bailanta: ten\u00eda 72 a\u00f1os"},"content":{"rendered":"<p class=\"copete\">La referente de la m\u00fasica tropical estaba internada en un hospital de Mar del Plata.<\/p>\n<div class=\"fotos-y-videos\">\n<div class=\"tab-content\">\n<div id=\"fotos\" class=\"tab-pane fade in active\" role=\"tabpanel\"><a class=\"fotos-desarrollo unlink\" title=\"Muri\u00f3 L\u00eda Crucet, la indiscutible reina de la bailanta: ten\u00eda 72 a\u00f1os\" href=\"https:\/\/www.radiosudamericana.com\/notix\/multimedia\/imagenes\/fotos\/2024-11-28\/290658.png\"><img loading=\"lazy\" decoding=\"async\" class=\"img-responsive lazyload center-block\" src=\"https:\/\/www.radiosudamericana.com\/notix\/multimedia\/imagenes\/fotos\/2024-11-28\/290658.png_nota.png\" alt=\"Muri\u00f3 L\u00eda Crucet, la indiscutible reina de la bailanta: ten\u00eda 72 a\u00f1os\" width=\"700\" height=\"391\" \/><\/a><\/div>\n<\/div>\n<\/div>\n<p>&nbsp;<\/p>\n<div class=\"cuerpo\">\n<p>&nbsp;<\/p>\n<p>L\u00eda Crucet,\u00a0muri\u00f3 hoy a los 72 a\u00f1os, tras padecer c\u00e1ncer bronco pulmonar. La triste noticia fue confirmada por su hija Karina en di\u00e1logo con TN Show.<\/p>\n<p>La cantante de m\u00fasica tropical hab\u00eda sido trasladada a un hospital ubicado en la ciudad de Mar del Plata, donde finalmente transcurrieron sus \u00faltimas horas. El mundo del espect\u00e1culo qued\u00f3 conmocionado.<\/p>\n<p><a class=\"fotos-desarrollo unlink\" title=\"Muri\u00f3 L\u00eda Crucet, la indiscutible reina de la bailanta: ten\u00eda 72 a\u00f1os\" href=\"https:\/\/www.radiosudamericana.com\/notix\/multimedia\/imagenes\/fotos\/2024-11-28\/542687.png\"><img decoding=\"async\" class=\"img-responsive\" src=\"https:\/\/www.radiosudamericana.com\/notix\/multimedia\/imagenes\/fotos\/2024-11-28\/542687.png_nota.png\" \/><\/a><\/p>\n<h2><strong>L\u00eda Crucet, una vida de talento multifac\u00e9tico y momentos inolvidables<\/strong><\/h2>\n<p>L\u00eda Crucet fue cantante, actriz y vedette\u00a0y naci\u00f3 en Gerli, el 8 de agosto de 1952 bajo su nombre real, Delia Crucet. Los inicios de su carrera art\u00edstica transcurrieron en la televisi\u00f3n y el teatro, donde deslumbr\u00f3 como vedette junto a renombradas figuras como\u00a0<strong>Nito Artaza, Moria Cas\u00e1n, Trist\u00e1n, Patricia Dal, Jorge Porcel, Jorge Corona, Jos\u00e9 Marrone, Alberto Olmedo, entre otros.<\/strong><\/p>\n<p>En los a\u00f1os ochenta, su presencia abarc\u00f3 el cine picaresco de la \u00e9poca y gan\u00f3 notoriedad en varios programas que condujo\u00a0Moria Cas\u00e1n. Tambi\u00e9n en esta d\u00e9cada, despunt\u00f3 su carrera musical y firm\u00f3 con el sello discogr\u00e1fico Leader Music, que impuls\u00f3 su paso por los g\u00e9neros ritmo tropical y cumbia.<\/p>\n<p><a class=\"fotos-desarrollo unlink\" title=\"Muri\u00f3 L\u00eda Crucet, la indiscutible reina de la bailanta: ten\u00eda 72 a\u00f1os\" href=\"https:\/\/www.radiosudamericana.com\/notix\/multimedia\/imagenes\/fotos\/2024-11-28\/716097.png\"><img decoding=\"async\" class=\"img-responsive\" src=\"https:\/\/www.radiosudamericana.com\/notix\/multimedia\/imagenes\/fotos\/2024-11-28\/716097.png_nota.png\" \/><\/a><\/p>\n<p>Es as\u00ed como la Reina de la Bailanta\u00a0lanz\u00f3 su primer disco\u00a0Yo no soy abusadora.\u00a0La buena aceptaci\u00f3n entre los distintos p\u00fablicos, llev\u00f3 a la producci\u00f3n de su segundo \u00e1lbum\u00a0La Movidita,\u00a0que la posiciona como una de las grandes exponentes de la movida tropical, gracias a sus recordados sencillos<strong>\u00a0La G\u00fcera Salom\u00e9\u00a0y\u00a0Que bello.<\/strong><\/p>\n<p>En su paso por la televisi\u00f3n, muy recordada fue la participaci\u00f3n de Crucet para un comercial de una multinacional de gaseosas, ya que para realizarlo, us\u00f3 una de sus canciones m\u00e1s populares,\u00a0Qu\u00e9 voy a hacer con el calor.<\/p>\n<p><a class=\"fotos-desarrollo unlink\" title=\"Muri\u00f3 L\u00eda Crucet, la indiscutible reina de la bailanta: ten\u00eda 72 a\u00f1os\" href=\"https:\/\/www.radiosudamericana.com\/notix\/multimedia\/imagenes\/fotos\/2024-11-28\/598477.png\"><img decoding=\"async\" class=\"img-responsive\" src=\"https:\/\/www.radiosudamericana.com\/notix\/multimedia\/imagenes\/fotos\/2024-11-28\/598477.png_nota.png\" \/><\/a><\/p>\n<p>Tambi\u00e9n fueron muy vistas a lo largo de los \u00faltimos a\u00f1os sus apariciones espor\u00e1dicas en formatos como\u00a0Pasi\u00f3n de S\u00e1bado, Videomatch, Peor es Nada,\u00a0y los legendarios programas\u00a0Almorzando con Mirtha Legrand\u00a0y el de\u00a0Susana Gim\u00e9nez.<\/p>\n<p>En 2012, L\u00eda fue diagnosticada con c\u00e1ncer de \u00fatero, por lo que debi\u00f3 someterse a una intervenci\u00f3n quir\u00fargica para evitar su avance. Sin embargo, se report\u00f3 en algunos portales que sin duda,\u00a0su a\u00f1o m\u00e1s complicado fue 2021, cuando su salud se complic\u00f3 por neumon\u00eda y un accidente dom\u00e9stico que comprometi\u00f3 su cadera.<\/p>\n<p><a class=\"fotos-desarrollo unlink\" title=\"Muri\u00f3 L\u00eda Crucet, la indiscutible reina de la bailanta: ten\u00eda 72 a\u00f1os\" href=\"https:\/\/www.radiosudamericana.com\/notix\/multimedia\/imagenes\/fotos\/2024-11-28\/504926.png\"><img decoding=\"async\" class=\"img-responsive\" src=\"https:\/\/www.radiosudamericana.com\/notix\/multimedia\/imagenes\/fotos\/2024-11-28\/504926.png_nota.png\" \/><\/a><\/p>\n<p>&nbsp;<\/p>\n<div id=\"leermas\"><\/div>\n<p>A pesar del notable cambio f\u00edsico que experiment\u00f3 en sus \u00faltimos a\u00f1os, L\u00eda Crucet se mostraba sonriente en sus redes sociales y muy orgullosa de su familia. (Foto: Instagram \/ liacrucetoficial)&nbsp;<\/p>\n<p>A principio del 2022, nuevamente debi\u00f3 acceder a una nueva operaci\u00f3n, producto de sus afecciones anteriores. Aunque logr\u00f3 recuperarse y se pronosticaba un cuadro m\u00e1s favorable hacia el futuro,\u00a0en estos \u00faltimos meses su salud desmejor\u00f3 considerablemente, en medio de su lucha por el c\u00e1ncer que la aquejaba\u00a0y las secuelas de sus dem\u00e1s enfermedades preexistentes.<\/p>\n<p>Fuente: Radio sudamericana<\/p>\n<\/div>\n","protected":false},"excerpt":{"rendered":"<p>La referente de la m\u00fasica tropical estaba internada en un hospital de Mar del Plata. &nbsp; &nbsp; L\u00eda Crucet,\u00a0muri\u00f3 hoy a los 72 a\u00f1os, tras padecer c\u00e1ncer bronco pulmonar. La triste noticia fue confirmada por su hija Karina en di\u00e1logo con TN Show. La cantante de m\u00fasica tropical hab\u00eda sido trasladada a un hospital ubicado [&hellip;]<\/p>\n","protected":false},"author":3,"featured_media":60533,"comment_status":"open","ping_status":"open","sticky":false,"template":"","format":"standard","meta":{"footnotes":""},"categories":[499,497,495,487,484,4,486,492,485,490],"tags":[],"class_list":["post-60532","post","type-post","status-publish","format-standard","has-post-thumbnail","hentry","category-1xbet-azerbaydjan","category-android-icin-apk-indirme-aptoide-298","category-azerbajany-mostbet","category-bukmeker-sirkti-mostbet-azrbaycan-app-yuklmk-318","category-dating-tips","category-espectaculos","category-nlp-algorithms","category-sprawdz-dostepne-bonusy-kasynowe-219","category-wife-finder","category-ofitsialnyi-sait-mostbet-stavki-na-sport-mostbet-155"],"_links":{"self":[{"href":"https:\/\/informateesquina.com\/index.php?rest_route=\/wp\/v2\/posts\/60532","targetHints":{"allow":["GET"]}}],"collection":[{"href":"https:\/\/informateesquina.com\/index.php?rest_route=\/wp\/v2\/posts"}],"about":[{"href":"https:\/\/informateesquina.com\/index.php?rest_route=\/wp\/v2\/types\/post"}],"author":[{"embeddable":true,"href":"https:\/\/informateesquina.com\/index.php?rest_route=\/wp\/v2\/users\/3"}],"replies":[{"embeddable":true,"href":"https:\/\/informateesquina.com\/index.php?rest_route=%2Fwp%2Fv2%2Fcomments&post=60532"}],"version-history":[{"count":1,"href":"https:\/\/informateesquina.com\/index.php?rest_route=\/wp\/v2\/posts\/60532\/revisions"}],"predecessor-version":[{"id":60534,"href":"https:\/\/informateesquina.com\/index.php?rest_route=\/wp\/v2\/posts\/60532\/revisions\/60534"}],"wp:featuredmedia":[{"embeddable":true,"href":"https:\/\/informateesquina.com\/index.php?rest_route=\/wp\/v2\/media\/60533"}],"wp:attachment":[{"href":"https:\/\/informateesquina.com\/index.php?rest_route=%2Fwp%2Fv2%2Fmedia&parent=60532"}],"wp:term":[{"taxonomy":"category","embeddable":true,"href":"https:\/\/informateesquina.com\/index.php?rest_route=%2Fwp%2Fv2%2Fcategories&post=60532"},{"taxonomy":"post_tag","embeddable":true,"href":"https:\/\/informateesquina.com\/index.php?rest_route=%2Fwp%2Fv2%2Ftags&post=60532"}],"curies":[{"name":"wp","href":"https:\/\/api.w.org\/{rel}","templated":true}]}}