{"id":60535,"date":"2024-11-29T09:04:34","date_gmt":"2024-11-29T12:04:34","guid":{"rendered":"https:\/\/informateesquina.com\/?p=60535"},"modified":"2024-11-29T09:04:34","modified_gmt":"2024-11-29T12:04:34","slug":"elecciones-en-la-ucr-ya-se-puede-consultar-el-padron-definitivo","status":"publish","type":"post","link":"https:\/\/informateesquina.com\/?p=60535","title":{"rendered":"Elecciones en la UCR: ya se puede consultar el padr\u00f3n definitivo"},"content":{"rendered":"<div>\n<p class=\"copete\">La Uni\u00f3n C\u00edvica Radical enfatiz\u00f3 la importancia de que los afiliados realicen la consulta, con el fin de verificar si sus datos personales son los correctos. Las elecciones internas se realizar\u00e1n el pr\u00f3ximo 22 de diciembre.<\/p>\n<div>\n<div class=\"fotos-y-videos\">\n<div class=\"tab-content\">\n<div id=\"fotos\" class=\"tab-pane fade in active\" role=\"tabpanel\"><a class=\"fotos-desarrollo unlink\" title=\"Elecciones en la UCR: ya se puede consultar el padr\u00f3n definitivo\" href=\"https:\/\/www.radiosudamericana.com\/notix\/multimedia\/imagenes\/fotos\/2024-11-29\/992109.jpg\"><img loading=\"lazy\" decoding=\"async\" class=\"img-responsive lazyload center-block\" src=\"https:\/\/www.radiosudamericana.com\/notix\/multimedia\/imagenes\/fotos\/2024-11-29\/992109.jpg_nota.jpg\" alt=\"Elecciones en la UCR: ya se puede consultar el padr\u00f3n definitivo\" width=\"700\" height=\"466\" \/><\/a><\/div>\n<\/div>\n<\/div>\n<div class=\"cuerpo\">\n<p>A trav\u00e9s de un comunicado el Interventor de la Uni\u00f3n C\u00edvica Radical Juli\u00e1n Galdeano, hab\u00eda confirmado que este viernes 29 de noviembre estar\u00e1 disponible el padr\u00f3n definitivo.<\/p>\n<p><a class=\"fotos-desarrollo unlink\" title=\"Elecciones en la UCR: ya se puede consultar el padr\u00f3n definitivo\" href=\"https:\/\/www.radiosudamericana.com\/notix\/multimedia\/imagenes\/fotos\/2024-11-29\/919577.jpg\"><img decoding=\"async\" class=\"img-responsive\" src=\"https:\/\/www.radiosudamericana.com\/notix\/multimedia\/imagenes\/fotos\/2024-11-29\/919577.jpg_nota.jpg\" \/><\/a><\/p>\n<p>&nbsp;<\/p>\n<div id=\"leermas\"><\/div>\n<p>&nbsp;<\/p>\n<p>El objetivo del mismo apunta a que las personas habilitadas para votar puedan efectuar consultas o hacer los reclamos correspondientes en caso de que existan errores en sus datos personales.<\/p>\n<p>Quienes quieran consultar el padr\u00f3n deber\u00e1n ingresar\u00a0<a href=\"https:\/\/ucrcorrientes.blogspot.com\/\">https:\/\/ucrcorrientes.blogspot.com<\/a><\/p>\n<p>Fuente: Radio Sudamericana<\/p>\n<\/div>\n<\/div>\n<div class=\"banner wline space-bottom\"><\/div>\n<\/div>\n","protected":false},"excerpt":{"rendered":"<p>La Uni\u00f3n C\u00edvica Radical enfatiz\u00f3 la importancia de que los afiliados realicen la consulta, con el fin de verificar si sus datos personales son los correctos. Las elecciones internas se realizar\u00e1n el pr\u00f3ximo 22 de diciembre. A trav\u00e9s de un comunicado el Interventor de la Uni\u00f3n C\u00edvica Radical Juli\u00e1n Galdeano, hab\u00eda confirmado que este viernes [&hellip;]<\/p>\n","protected":false},"author":3,"featured_media":60536,"comment_status":"open","ping_status":"open","sticky":false,"template":"","format":"standard","meta":{"footnotes":""},"categories":[9],"tags":[],"class_list":["post-60535","post","type-post","status-publish","format-standard","has-post-thumbnail","hentry","category-politica"],"_links":{"self":[{"href":"https:\/\/informateesquina.com\/index.php?rest_route=\/wp\/v2\/posts\/60535","targetHints":{"allow":["GET"]}}],"collection":[{"href":"https:\/\/informateesquina.com\/index.php?rest_route=\/wp\/v2\/posts"}],"about":[{"href":"https:\/\/informateesquina.com\/index.php?rest_route=\/wp\/v2\/types\/post"}],"author":[{"embeddable":true,"href":"https:\/\/informateesquina.com\/index.php?rest_route=\/wp\/v2\/users\/3"}],"replies":[{"embeddable":true,"href":"https:\/\/informateesquina.com\/index.php?rest_route=%2Fwp%2Fv2%2Fcomments&post=60535"}],"version-history":[{"count":1,"href":"https:\/\/informateesquina.com\/index.php?rest_route=\/wp\/v2\/posts\/60535\/revisions"}],"predecessor-version":[{"id":60537,"href":"https:\/\/informateesquina.com\/index.php?rest_route=\/wp\/v2\/posts\/60535\/revisions\/60537"}],"wp:featuredmedia":[{"embeddable":true,"href":"https:\/\/informateesquina.com\/index.php?rest_route=\/wp\/v2\/media\/60536"}],"wp:attachment":[{"href":"https:\/\/informateesquina.com\/index.php?rest_route=%2Fwp%2Fv2%2Fmedia&parent=60535"}],"wp:term":[{"taxonomy":"category","embeddable":true,"href":"https:\/\/informateesquina.com\/index.php?rest_route=%2Fwp%2Fv2%2Fcategories&post=60535"},{"taxonomy":"post_tag","embeddable":true,"href":"https:\/\/informateesquina.com\/index.php?rest_route=%2Fwp%2Fv2%2Ftags&post=60535"}],"curies":[{"name":"wp","href":"https:\/\/api.w.org\/{rel}","templated":true}]}}