{"id":60538,"date":"2024-11-29T09:15:42","date_gmt":"2024-11-29T12:15:42","guid":{"rendered":"https:\/\/informateesquina.com\/?p=60538"},"modified":"2024-11-29T09:15:42","modified_gmt":"2024-11-29T12:15:42","slug":"cambio-de-genero-a-delincuentes-lo-decide-el-juez-no-el-ejecutivo","status":"publish","type":"post","link":"https:\/\/informateesquina.com\/?p=60538","title":{"rendered":"Cambio de g\u00e9nero a delincuentes: &#8220;Lo decide el juez, no el Ejecutivo&#8221;"},"content":{"rendered":"<div>\n<p class=\"copete\">El abogado Ricardo Sosa, en vivo en Sudamericana, analiz\u00f3 las medidas anunciadas por el gobierno nacional respecto a la imposibilidad de que personas privadas de la libertad soliciten un cambio de g\u00e9nero para su tratamiento penitenciario.<\/p>\n<div>\n<div class=\"fotos-y-videos\">\n<div class=\"tab-content\">\n<div id=\"fotos\" class=\"tab-pane fade in active\" role=\"tabpanel\"><a class=\"fotos-desarrollo unlink\" title=\"Cambio de g\u00e9nero a delincuentes: Lo decide el juez, no el Ejecutivo\" href=\"https:\/\/www.radiosudamericana.com\/notix\/multimedia\/imagenes\/fotos\/2024-11-28\/515888.jpg\"><img loading=\"lazy\" decoding=\"async\" class=\"img-responsive lazyload center-block\" src=\"https:\/\/www.radiosudamericana.com\/notix\/multimedia\/imagenes\/fotos\/2024-11-28\/515888.jpg_nota.jpg\" alt=\"Cambio de g\u00e9nero a delincuentes: Lo decide el juez, no el Ejecutivo\" width=\"700\" height=\"467\" \/><\/a><\/div>\n<\/div>\n<\/div>\n<div class=\"cuerpo\">\n<p>El abogado Ricardo Sosa explic\u00f3 que el derecho a peticionar ante las autoridades est\u00e1 garantizado por la Constituci\u00f3n Nacional y no puede ser suprimido. \u201cEl presidente dijo que a partir de ahora no se va a poder pedir\u00a0<strong>cambio de g\u00e9nero<\/strong>\u00a0en el \u00e1mbito penal. Sin embargo, peticionar a las autoridades no est\u00e1 prohibido, es un derecho amparado por la Constituci\u00f3n\u201d, afirm\u00f3.<\/p>\n<p>El abogado sostuvo que, en el marco actual, quienes toman decisiones sobre este tipo de solicitudes no son las autoridades del Ejecutivo, sino los jueces. \u201cEl juez es quien tiene la potestad de decidir sobre la privaci\u00f3n de<strong>\u00a0libertad de una persona<\/strong>\u00a0y su alojamiento en funci\u00f3n de su situaci\u00f3n particular\u201d, detall\u00f3.<\/p>\n<p>&nbsp;<\/p>\n<div class=\"audios-desarrollo encuerpo\">\n<div id=\"audio-0\"><audio src=\"https:\/\/www.radiosudamericana.com\/notix\/multimedia\/audios\/2024-11-28\/221519.mp3\" controls=\"controls\" data-mce-fragment=\"1\"><\/audio><\/div>\n<\/div>\n<p>&nbsp;<\/p>\n<p>Respecto a las implicancias de los cambios de g\u00e9nero en contextos penitenciarios, Sosa relat\u00f3 casos pol\u00e9micos que se han presentado en el pasado. &#8220;Hubo situaciones en las que, tras un cambio de g\u00e9nero,\u00a0<strong>personas con genitales masculinos<\/strong>\u00a0fueron alojadas en penales de mujeres, y esto deriv\u00f3 en incidentes graves, como violaciones. Es por eso que cada caso debe analizarse de forma particular y no de manera gen\u00e9rica\u201d, coment\u00f3.<\/p>\n<p>El especialista destac\u00f3 la importancia de garantizar condiciones dignas en las c\u00e1rceles, se\u00f1alando que alojar a personas en lugares inadecuados puede derivar en peligros para ellas y para otros internos.\u00a0<strong>\u201cLa Constituci\u00f3n establece que las c\u00e1rceles no son para castigo, sino para rehabilitaci\u00f3n\u201d<\/strong>. Sin embargo, la realidad carcelaria muchas veces dista de ese ideal, analiz\u00f3.<\/p>\n<p>&nbsp;<\/p>\n<p>El abogado destac\u00f3 la necesidad de reformar el sistema penitenciario para evitar problem\u00e1ticas estructurales, como la sobrepoblaci\u00f3n y la falta de acceso a derechos b\u00e1sicos, como la educaci\u00f3n y el trabajo. Tambi\u00e9n abog\u00f3 por un mejor control de la comunicaci\u00f3n desde las c\u00e1rceles. \u201cEs sabido que muchos delitos se organizan desde dentro de los penales.\u00a0<strong>M\u00e1s que prohibir el uso de celulares, deber\u00edan establecerse controles efectivos\u201d<\/strong>, concluy\u00f3.<\/p>\n<h2><strong>Contacto Dr. Ricardo Sosa<\/strong><\/h2>\n<ul>\n<li>Direcci\u00f3n: Maip\u00fa 1071 3-C<\/li>\n<li>Tel\u00e9fono: 3794 780068<\/li>\n<\/ul>\n<\/div>\n<\/div>\n<div class=\"banner wline space-bottom\">Fuente: Radio Sudamericana<\/div>\n<\/div>\n","protected":false},"excerpt":{"rendered":"<p>El abogado Ricardo Sosa, en vivo en Sudamericana, analiz\u00f3 las medidas anunciadas por el gobierno nacional respecto a la imposibilidad de que personas privadas de la libertad soliciten un cambio de g\u00e9nero para su tratamiento penitenciario. El abogado Ricardo Sosa explic\u00f3 que el derecho a peticionar ante las autoridades est\u00e1 garantizado por la Constituci\u00f3n Nacional [&hellip;]<\/p>\n","protected":false},"author":3,"featured_media":60539,"comment_status":"open","ping_status":"open","sticky":false,"template":"","format":"standard","meta":{"footnotes":""},"categories":[8],"tags":[],"class_list":["post-60538","post","type-post","status-publish","format-standard","has-post-thumbnail","hentry","category-policiales"],"_links":{"self":[{"href":"https:\/\/informateesquina.com\/index.php?rest_route=\/wp\/v2\/posts\/60538","targetHints":{"allow":["GET"]}}],"collection":[{"href":"https:\/\/informateesquina.com\/index.php?rest_route=\/wp\/v2\/posts"}],"about":[{"href":"https:\/\/informateesquina.com\/index.php?rest_route=\/wp\/v2\/types\/post"}],"author":[{"embeddable":true,"href":"https:\/\/informateesquina.com\/index.php?rest_route=\/wp\/v2\/users\/3"}],"replies":[{"embeddable":true,"href":"https:\/\/informateesquina.com\/index.php?rest_route=%2Fwp%2Fv2%2Fcomments&post=60538"}],"version-history":[{"count":1,"href":"https:\/\/informateesquina.com\/index.php?rest_route=\/wp\/v2\/posts\/60538\/revisions"}],"predecessor-version":[{"id":60540,"href":"https:\/\/informateesquina.com\/index.php?rest_route=\/wp\/v2\/posts\/60538\/revisions\/60540"}],"wp:featuredmedia":[{"embeddable":true,"href":"https:\/\/informateesquina.com\/index.php?rest_route=\/wp\/v2\/media\/60539"}],"wp:attachment":[{"href":"https:\/\/informateesquina.com\/index.php?rest_route=%2Fwp%2Fv2%2Fmedia&parent=60538"}],"wp:term":[{"taxonomy":"category","embeddable":true,"href":"https:\/\/informateesquina.com\/index.php?rest_route=%2Fwp%2Fv2%2Fcategories&post=60538"},{"taxonomy":"post_tag","embeddable":true,"href":"https:\/\/informateesquina.com\/index.php?rest_route=%2Fwp%2Fv2%2Ftags&post=60538"}],"curies":[{"name":"wp","href":"https:\/\/api.w.org\/{rel}","templated":true}]}}