{"id":60541,"date":"2024-11-29T09:20:19","date_gmt":"2024-11-29T12:20:19","guid":{"rendered":"https:\/\/informateesquina.com\/?p=60541"},"modified":"2024-11-29T09:20:19","modified_gmt":"2024-11-29T12:20:19","slug":"el-ex-diputado-kiczka-y-su-hermano-quedaron-al-borde-del-juicio-por-pedofilia","status":"publish","type":"post","link":"https:\/\/informateesquina.com\/?p=60541","title":{"rendered":"El ex diputado Kiczka y su hermano quedaron al borde del juicio por pedofilia"},"content":{"rendered":"<p class=\"copete\">La fiscal\u00eda recibi\u00f3 el expediente de la causa para que formule el requerimiento de elevaci\u00f3n a juicio de los imputados por tenencia y distribuci\u00f3n de material de abuso sexual infantil. El mayor de los hermanos tambi\u00e9n enfrenta un cargo por abuso sexual<\/p>\n<div>\n<div class=\"fotos-y-videos\">\n<div class=\"tab-content\">\n<div id=\"fotos\" class=\"tab-pane fade in active\" role=\"tabpanel\"><a class=\"fotos-desarrollo unlink\" title=\"El ex diputado Kiczka y su hermano quedaron al borde del juicio por pedofilia\" href=\"https:\/\/www.radiosudamericana.com\/notix\/multimedia\/imagenes\/fotos\/2024-11-29\/895747.jpg\"><img loading=\"lazy\" decoding=\"async\" class=\"img-responsive lazyload center-block\" src=\"https:\/\/www.radiosudamericana.com\/notix\/multimedia\/imagenes\/fotos\/2024-11-29\/895747.jpg_nota.jpg\" alt=\"El ex diputado Kiczka y su hermano quedaron al borde del juicio por pedofilia\" width=\"700\" height=\"393\" \/><\/a><\/div>\n<\/div>\n<\/div>\n<div class=\"cuerpo\">\n<p>La fiscal de la causa que pesa sobre los hermanos\u00a0Germ\u00e1n y Sebasti\u00e1n Kiczka, Silvia Barronis, le confirm\u00f3 a\u00a0Infobae\u00a0que este jueves recibi\u00f3 del juez Miguel Faria el expediente que contiene la investigaci\u00f3n. Los imputados est\u00e1n detenidos en el penal de Cerro Azul luego de que se les encontrara\u00a0material de abuso sexual infantil\u00a0en notebooks y otros dispositivos electr\u00f3nicos. En total, sumaban 913 archivos.<\/p>\n<p>Barronis precis\u00f3 que la remisi\u00f3n de la investigaci\u00f3n es a los efectos de formular el\u00a0requerimiento de elevaci\u00f3n a juicio\u00a0de la causa. Faria debi\u00f3 soportar en los \u00faltimos meses diversas maniobras dilatorias por parte de la defensa de los Kiczka. El abogado Gonzalo de Paul, que representa a ambos hermanos, present\u00f3 varios planteos de nulidad y apel\u00f3 cada una de las decisiones del magistrado.<\/p>\n<p>La funcionaria judicial consign\u00f3 tambi\u00e9n que, a partir de este jueves, tendr\u00e1 10 d\u00edas h\u00e1biles para completar el tr\u00e1mite que le solicit\u00f3 el magistrado. Pero adelant\u00f3 que, debido a la complejidad de la causa, puede pedir una pr\u00f3rroga de ese plazo.<\/p>\n<p>Una de las pruebas que constan en el legajo es la pericia psicol\u00f3gica que se les realiz\u00f3. El estudio indic\u00f3 que el ex legislador provincial presentaba\u00a0\u201crasgos de personalidad psicop\u00e1ticos, narcisistas\u201d e \u201cinclinaci\u00f3n hacia la pedofilia\u201d.<\/p>\n<p>&nbsp;<\/p>\n<div id=\"leermas\"><\/div>\n<p>&nbsp;<\/p>\n<h2><strong>La causa<\/strong><\/h2>\n<p>Germ\u00e1n Kiczka era diputado provincial por el partido Activar, una fuerza creada por\u00a0Pedro Puerta, hijo del ex gobernador misionero y expresidente provisional de la Naci\u00f3n Ram\u00f3n Puerta. En las elecciones de 2021 y 2023 form\u00f3 parte de la alianza Juntos por el Cambio. Pero con la llegada de Javier Milei a la presidencia, el partido provincial se realine\u00f3 en el espacio libertario. De esta manera, aport\u00f3 una diputada nacional y dos bancas provinciales a las fuerzas del cielo.<\/p>\n<p>Las sombras en torno a Kiczka empezaron a formarse a principios de a\u00f1o. Una investigaci\u00f3n internacional sobre pedofilia marc\u00f3 a la ciudad de Ap\u00f3stoles como uno de los lugares donde se hac\u00eda acopio y distribuci\u00f3n de material de abuso sexual infantil. As\u00ed fue que se lleg\u00f3 a Sebasti\u00e1n primero y a Germ\u00e1n despu\u00e9s.<\/p>\n<p>Cuando el juez Faria emiti\u00f3 la orden de detenci\u00f3n sobre ambos,\u00a0los hermanos se fugaron. Germ\u00e1n ya hab\u00eda sido desaforado por la Legislatura. Lo encontraron a fines de agosto en un camping de Corrientes. Dijo que estaba all\u00ed para hacer un retiro espiritual. Una semana despu\u00e9s, cay\u00f3 Sebasti\u00e1n. La Polic\u00eda misionera lo encontr\u00f3 en San Juan de la Sierra, una localidad ubicada a 40 km de Ap\u00f3stoles.<\/p>\n<p>Luego de este episodio,\u00a0la Legislatura removi\u00f3 a Kiczka de su seno. Su lugar fue ocupado meses despu\u00e9s por el radical Javier Mela.<\/p>\n<p>Faria orden\u00f3 prisi\u00f3n preventiva para ambos. Ninguno de los hermanos habl\u00f3 durante la primera indagatoria. Luego, pidieron declarar, pero no hicieron m\u00e1s que negar los cargos. El abogado apel\u00f3 el encarcelamiento. Sin embargo, la medida fue confirmada en instancias superiores de la Justicia misionera. Estuvieron alojados en una comisar\u00eda y luego fueron trasladados a la Unidad Penal VIII de Cerro Azul, a 50 km de Ap\u00f3stoles.<\/p>\n<p>En el avance de la investigaci\u00f3n,\u00a0a Sebasti\u00e1n se le agreg\u00f3 un cargo por abuso sexual. Fue a ra\u00edz de la denuncia presentada por una joven. Habr\u00eda sido abusada cuando ten\u00eda 13 a\u00f1os.<\/p>\n<p>La causa dej\u00f3 perplejos a los 45 mil habitantes de Ap\u00f3stoles, una ciudad de gringos trabajadores, descendientes de polacos y ucranianos. La mayor\u00eda conoc\u00eda a los hermanos por ser hijos de Leonardo, veterano militante radical y due\u00f1o de la pizzer\u00eda \u201cLeo Pizza Club\u201d en el centro de la localidad.<\/p>\n<p>La intendenta de la ciudad, Mar\u00eda Eugenia Safr\u00e1n, indic\u00f3 a este medio que la sociedad estaba \u201cindignada\u201d con lo que ocurr\u00eda. \u201cLa nuestra es una comunidad tranquila. Somos gente de trabajo. Estamos sorprendidos, at\u00f3nitos por lo que ha acontecido en los \u00faltimos d\u00edas. Pero a medida que se van conociendo algunos datos, nos da indignaci\u00f3n\u201d, expres\u00f3.<\/p>\n<p>Fuente: Radio Sudamericana<\/p>\n<\/div>\n<\/div>\n","protected":false},"excerpt":{"rendered":"<p>La fiscal\u00eda recibi\u00f3 el expediente de la causa para que formule el requerimiento de elevaci\u00f3n a juicio de los imputados por tenencia y distribuci\u00f3n de material de abuso sexual infantil. El mayor de los hermanos tambi\u00e9n enfrenta un cargo por abuso sexual La fiscal de la causa que pesa sobre los hermanos\u00a0Germ\u00e1n y Sebasti\u00e1n Kiczka, [&hellip;]<\/p>\n","protected":false},"author":3,"featured_media":60542,"comment_status":"open","ping_status":"open","sticky":false,"template":"","format":"standard","meta":{"footnotes":""},"categories":[8],"tags":[],"class_list":["post-60541","post","type-post","status-publish","format-standard","has-post-thumbnail","hentry","category-policiales"],"_links":{"self":[{"href":"https:\/\/informateesquina.com\/index.php?rest_route=\/wp\/v2\/posts\/60541","targetHints":{"allow":["GET"]}}],"collection":[{"href":"https:\/\/informateesquina.com\/index.php?rest_route=\/wp\/v2\/posts"}],"about":[{"href":"https:\/\/informateesquina.com\/index.php?rest_route=\/wp\/v2\/types\/post"}],"author":[{"embeddable":true,"href":"https:\/\/informateesquina.com\/index.php?rest_route=\/wp\/v2\/users\/3"}],"replies":[{"embeddable":true,"href":"https:\/\/informateesquina.com\/index.php?rest_route=%2Fwp%2Fv2%2Fcomments&post=60541"}],"version-history":[{"count":1,"href":"https:\/\/informateesquina.com\/index.php?rest_route=\/wp\/v2\/posts\/60541\/revisions"}],"predecessor-version":[{"id":60543,"href":"https:\/\/informateesquina.com\/index.php?rest_route=\/wp\/v2\/posts\/60541\/revisions\/60543"}],"wp:featuredmedia":[{"embeddable":true,"href":"https:\/\/informateesquina.com\/index.php?rest_route=\/wp\/v2\/media\/60542"}],"wp:attachment":[{"href":"https:\/\/informateesquina.com\/index.php?rest_route=%2Fwp%2Fv2%2Fmedia&parent=60541"}],"wp:term":[{"taxonomy":"category","embeddable":true,"href":"https:\/\/informateesquina.com\/index.php?rest_route=%2Fwp%2Fv2%2Fcategories&post=60541"},{"taxonomy":"post_tag","embeddable":true,"href":"https:\/\/informateesquina.com\/index.php?rest_route=%2Fwp%2Fv2%2Ftags&post=60541"}],"curies":[{"name":"wp","href":"https:\/\/api.w.org\/{rel}","templated":true}]}}