{"id":60544,"date":"2024-11-29T17:10:29","date_gmt":"2024-11-29T20:10:29","guid":{"rendered":"https:\/\/informateesquina.com\/?p=60544"},"modified":"2024-11-29T17:10:29","modified_gmt":"2024-11-29T20:10:29","slug":"valdes-inauguro-un-centro-de-negocios-del-banco-de-corrientes","status":"publish","type":"post","link":"https:\/\/informateesquina.com\/?p=60544","title":{"rendered":"Vald\u00e9s inaugur\u00f3 un Centro de Negocios del Banco de Corrientes"},"content":{"rendered":"<div>\n<p class=\"copete\">El espacio realizado en CABA se enmarca dentro del Plan Integral de Modernizaci\u00f3n y est\u00e1 destinado a impulsar la conectividad y las oportunidades de negocio.<\/p>\n<div class=\"fotos-y-videos\">\n<div class=\"tab-content\">\n<div id=\"fotos\" class=\"tab-pane fade in active\" role=\"tabpanel\"><a class=\"fotos-desarrollo unlink\" title=\"Vald\u00e9s inaugur\u00f3 un Centro de Negocios del Banco de Corrientes\" href=\"https:\/\/www.radiosudamericana.com\/notix\/multimedia\/imagenes\/fotos\/2024-11-29\/277766.jpg\"><img loading=\"lazy\" decoding=\"async\" class=\"img-responsive lazyload center-block\" src=\"https:\/\/www.radiosudamericana.com\/notix\/multimedia\/imagenes\/fotos\/2024-11-29\/277766.jpg_nota.jpg\" alt=\"Vald\u00e9s inaugur\u00f3 un Centro de Negocios del Banco de Corrientes\" width=\"700\" height=\"466\" \/><\/a><\/div>\n<\/div>\n<\/div>\n<p>&nbsp;<\/p>\n<div class=\"cuerpo\">\n<p>En la sede del Banco de Corrientes en la Ciudad Aut\u00f3noma de Buenos Aires (CABA), el gobernador de Corrientes, Gustavo Vald\u00e9s, inaugur\u00f3 un moderno Centro de Negocios. El espacio est\u00e1 destinado a impulsar la conectividad y las oportunidades de negocio.<\/p>\n<p>&nbsp;<\/p>\n<p><em><strong>&#8220;Es un lugar amplio, moderno e \u00edntimo, que servir\u00e1 para reuniones y coworking&#8221;<\/strong><\/em>, se\u00f1al\u00f3 Vald\u00e9s, acompa\u00f1ado por la presidenta de la entidad, Laura Sprovieri.<\/p>\n<p>Este centro se enmarca dentro del Plan Integral de Modernizaci\u00f3n del Banco de Corrientes, y se ubica en el tercer piso del edificio en San Mart\u00edn 337, en pleno centro de la capital.<\/p>\n<p><strong><em>&#8220;El dise\u00f1o contempor\u00e1neo del espacio est\u00e1 pensado para crear un ambiente inspirador y productivo&#8221;<\/em><\/strong>, detall\u00f3 el Gobernador.<\/p>\n<p><a class=\"fotos-desarrollo unlink\" title=\"Vald\u00e9s inaugur\u00f3 un Centro de Negocios del Banco de Corrientes\" href=\"https:\/\/www.radiosudamericana.com\/notix\/multimedia\/imagenes\/fotos\/2024-11-29\/801965.jpg\"><img decoding=\"async\" class=\"img-responsive\" src=\"https:\/\/www.radiosudamericana.com\/notix\/multimedia\/imagenes\/fotos\/2024-11-29\/801965.jpg_nota.jpg\" \/><\/a><\/p>\n<p>Adem\u00e1s, la nueva oficina est\u00e1 equipada con mobiliario y tecnolog\u00eda de vanguardia, acorde con las necesidades de los usuarios de hoy.<\/p>\n<p>En el marco de la inauguraci\u00f3n, tambi\u00e9n se habilit\u00f3 un sal\u00f3n multiuso en el primer piso, con una superficie de 538 metros cuadrados, destinado a exhibiciones y eventos.<\/p>\n<p>En esta ocasi\u00f3n, se present\u00f3 la muestra\u00a0<em>&#8220;Buenos Aires tambi\u00e9n tiene pay\u00e9&#8221;<\/em>, que re\u00fane 50 obras de 22 artistas correntinos, brindando una oportunidad para visibilizar el talento local en la ciudad porte\u00f1a.<\/p>\n<p>Fuente: Radio Sudamericana<\/p>\n<\/div>\n<\/div>\n","protected":false},"excerpt":{"rendered":"<p>El espacio realizado en CABA se enmarca dentro del Plan Integral de Modernizaci\u00f3n y est\u00e1 destinado a impulsar la conectividad y las oportunidades de negocio. &nbsp; En la sede del Banco de Corrientes en la Ciudad Aut\u00f3noma de Buenos Aires (CABA), el gobernador de Corrientes, Gustavo Vald\u00e9s, inaugur\u00f3 un moderno Centro de Negocios. El espacio [&hellip;]<\/p>\n","protected":false},"author":3,"featured_media":60545,"comment_status":"open","ping_status":"open","sticky":false,"template":"","format":"standard","meta":{"footnotes":""},"categories":[9],"tags":[],"class_list":["post-60544","post","type-post","status-publish","format-standard","has-post-thumbnail","hentry","category-politica"],"_links":{"self":[{"href":"https:\/\/informateesquina.com\/index.php?rest_route=\/wp\/v2\/posts\/60544","targetHints":{"allow":["GET"]}}],"collection":[{"href":"https:\/\/informateesquina.com\/index.php?rest_route=\/wp\/v2\/posts"}],"about":[{"href":"https:\/\/informateesquina.com\/index.php?rest_route=\/wp\/v2\/types\/post"}],"author":[{"embeddable":true,"href":"https:\/\/informateesquina.com\/index.php?rest_route=\/wp\/v2\/users\/3"}],"replies":[{"embeddable":true,"href":"https:\/\/informateesquina.com\/index.php?rest_route=%2Fwp%2Fv2%2Fcomments&post=60544"}],"version-history":[{"count":1,"href":"https:\/\/informateesquina.com\/index.php?rest_route=\/wp\/v2\/posts\/60544\/revisions"}],"predecessor-version":[{"id":60546,"href":"https:\/\/informateesquina.com\/index.php?rest_route=\/wp\/v2\/posts\/60544\/revisions\/60546"}],"wp:featuredmedia":[{"embeddable":true,"href":"https:\/\/informateesquina.com\/index.php?rest_route=\/wp\/v2\/media\/60545"}],"wp:attachment":[{"href":"https:\/\/informateesquina.com\/index.php?rest_route=%2Fwp%2Fv2%2Fmedia&parent=60544"}],"wp:term":[{"taxonomy":"category","embeddable":true,"href":"https:\/\/informateesquina.com\/index.php?rest_route=%2Fwp%2Fv2%2Fcategories&post=60544"},{"taxonomy":"post_tag","embeddable":true,"href":"https:\/\/informateesquina.com\/index.php?rest_route=%2Fwp%2Fv2%2Ftags&post=60544"}],"curies":[{"name":"wp","href":"https:\/\/api.w.org\/{rel}","templated":true}]}}