{"id":60547,"date":"2024-11-29T17:13:44","date_gmt":"2024-11-29T20:13:44","guid":{"rendered":"https:\/\/informateesquina.com\/?p=60547"},"modified":"2024-11-29T17:13:44","modified_gmt":"2024-11-29T20:13:44","slug":"formosa-por-el-temporal-dos-docentes-murieron-en-el-rio","status":"publish","type":"post","link":"https:\/\/informateesquina.com\/?p=60547","title":{"rendered":"Formosa: por el temporal, dos docentes murieron en el r\u00edo"},"content":{"rendered":"<p class=\"copete\">El periodista Rub\u00e9n Godoy coment\u00f3 a Radio Sudamericana el detalle de los hechos que sucedieron en la jornada de este jueves. Prefectura Pilcomayo inform\u00f3 el hallazgo de dos de los tres docentes desaparecidos en medio del temporal de viento y lluvia en el r\u00edo Paraguay cuando regresaban de la Escuela 171 de Buey Muerto.<\/p>\n<div>\n<div class=\"fotos-y-videos\">\n<div class=\"tab-content\">\n<div id=\"fotos\" class=\"tab-pane fade in active\" role=\"tabpanel\"><a class=\"fotos-desarrollo unlink\" title=\"Formosa: por el temporal, dos docentes murieron en el r\u00edo\" href=\"https:\/\/www.radiosudamericana.com\/notix\/multimedia\/imagenes\/fotos\/2024-11-29\/953428.jpg\"><img loading=\"lazy\" decoding=\"async\" class=\"img-responsive lazyload center-block\" src=\"https:\/\/www.radiosudamericana.com\/notix\/multimedia\/imagenes\/fotos\/2024-11-29\/953428.jpg_nota.jpg\" alt=\"Formosa: por el temporal, dos docentes murieron en el r\u00edo\" width=\"700\" height=\"378\" \/><\/a><\/div>\n<\/div>\n<\/div>\n<div class=\"audios-desarrollo\">\n<div id=\"audio-1\"><\/div>\n<\/div>\n<div class=\"cuerpo\">\n<p>El jefe de la fuerza mantuvo un di\u00e1logo con familiares de las v\u00edctimas informando de la situaci\u00f3n ocurrida esta ma\u00f1ana en cercan\u00edas de Clorinda.<\/p>\n<p><strong>LAS V\u00cdCTIMAS<\/strong><\/p>\n<p>Los docentes formose\u00f1os que se desplazaban por el r\u00edo Paraguay en la tripulaci\u00f3n son Rodolfo Ferrau, Edith Cantero y Graciela Ramos de la Escuela 171 \u00abEj\u00e9rcito Argentino\u00bb de Buey Muerto.<\/p>\n<p>Fuente: Radio Sudamericana<\/p>\n<\/div>\n<\/div>\n","protected":false},"excerpt":{"rendered":"<p>El periodista Rub\u00e9n Godoy coment\u00f3 a Radio Sudamericana el detalle de los hechos que sucedieron en la jornada de este jueves. Prefectura Pilcomayo inform\u00f3 el hallazgo de dos de los tres docentes desaparecidos en medio del temporal de viento y lluvia en el r\u00edo Paraguay cuando regresaban de la Escuela 171 de Buey Muerto. El [&hellip;]<\/p>\n","protected":false},"author":3,"featured_media":60548,"comment_status":"open","ping_status":"open","sticky":false,"template":"","format":"standard","meta":{"footnotes":""},"categories":[8],"tags":[],"class_list":["post-60547","post","type-post","status-publish","format-standard","has-post-thumbnail","hentry","category-policiales"],"_links":{"self":[{"href":"https:\/\/informateesquina.com\/index.php?rest_route=\/wp\/v2\/posts\/60547","targetHints":{"allow":["GET"]}}],"collection":[{"href":"https:\/\/informateesquina.com\/index.php?rest_route=\/wp\/v2\/posts"}],"about":[{"href":"https:\/\/informateesquina.com\/index.php?rest_route=\/wp\/v2\/types\/post"}],"author":[{"embeddable":true,"href":"https:\/\/informateesquina.com\/index.php?rest_route=\/wp\/v2\/users\/3"}],"replies":[{"embeddable":true,"href":"https:\/\/informateesquina.com\/index.php?rest_route=%2Fwp%2Fv2%2Fcomments&post=60547"}],"version-history":[{"count":1,"href":"https:\/\/informateesquina.com\/index.php?rest_route=\/wp\/v2\/posts\/60547\/revisions"}],"predecessor-version":[{"id":60549,"href":"https:\/\/informateesquina.com\/index.php?rest_route=\/wp\/v2\/posts\/60547\/revisions\/60549"}],"wp:featuredmedia":[{"embeddable":true,"href":"https:\/\/informateesquina.com\/index.php?rest_route=\/wp\/v2\/media\/60548"}],"wp:attachment":[{"href":"https:\/\/informateesquina.com\/index.php?rest_route=%2Fwp%2Fv2%2Fmedia&parent=60547"}],"wp:term":[{"taxonomy":"category","embeddable":true,"href":"https:\/\/informateesquina.com\/index.php?rest_route=%2Fwp%2Fv2%2Fcategories&post=60547"},{"taxonomy":"post_tag","embeddable":true,"href":"https:\/\/informateesquina.com\/index.php?rest_route=%2Fwp%2Fv2%2Ftags&post=60547"}],"curies":[{"name":"wp","href":"https:\/\/api.w.org\/{rel}","templated":true}]}}