{"id":61104,"date":"2025-01-20T07:15:18","date_gmt":"2025-01-20T10:15:18","guid":{"rendered":"https:\/\/informateesquina.com\/?p=61104"},"modified":"2025-01-20T07:15:18","modified_gmt":"2025-01-20T10:15:18","slug":"continua-la-34o-fiesta-nacional-del-chamame-la-grilla-de-este-lunes","status":"publish","type":"post","link":"https:\/\/informateesquina.com\/?p=61104","title":{"rendered":"Contin\u00faa la 34\u00ba Fiesta Nacional del Chamam\u00e9: la grilla de este lunes"},"content":{"rendered":"<p class=\"copete\">\u200bLa tercera noche de la 34\u00aa Fiesta Nacional del Chamam\u00e9 y la 20\u00aa Fiesta del Chamam\u00e9 del Mercosur seguir\u00e1 este domingo en el anfiteatro Tr\u00e1nsito Cocomarola.\u00a0Mir\u00e1 en la nota la grilla completa de artistas que podr\u00e1s presenciar este lunes 20.<\/p>\n<div class=\"fotos-y-videos\">\n<div class=\"tab-content\">\n<div id=\"fotos\" class=\"tab-pane fade in active\" role=\"tabpanel\"><a class=\"fotos-desarrollo unlink\" title=\"Contin\u00faa la 34\u00ba Fiesta Nacional del Chamam\u00e9: la grilla de este lunes\" href=\"https:\/\/www.radiosudamericana.com\/notix\/multimedia\/imagenes\/fotos\/2025-01-20\/323563.jpg\"><img loading=\"lazy\" decoding=\"async\" class=\"img-responsive lazyload center-block\" src=\"https:\/\/www.radiosudamericana.com\/notix\/multimedia\/imagenes\/fotos\/2025-01-20\/323563.jpg_nota.jpg\" alt=\"Contin\u00faa la 34\u00ba Fiesta Nacional del Chamam\u00e9: la grilla de este lunes\" width=\"700\" height=\"366\" \/><\/a><\/div>\n<\/div>\n<\/div>\n<p>&nbsp;<\/p>\n<div class=\"cuerpo\">\n<p>La 34\u00aa Fiesta Nacional del Chamam\u00e9 y la 20\u00aa Fiesta del Chamam\u00e9 del Mercosur sigue emocionando a locales y visitantes en el Anfiteatro Mario del Tr\u00e1nsito Cocomarola, en la ciudad de Corrientes.<\/p>\n<p>La cuarta noche\u00a0del festival comenzar\u00e1 a las 21. Entre los artistas que subir\u00e1n al escenario, se destacan D<strong>iego Flores, Hugo Flores, Los Chaque Ch\u00e9, Mateo Villalva, entre muchos.\u00a0<\/strong><\/p>\n<p><a class=\"fotos-desarrollo unlink\" title=\"Contin\u00faa la 34\u00ba Fiesta Nacional del Chamam\u00e9: la grilla de este lunes\" href=\"https:\/\/www.radiosudamericana.com\/notix\/multimedia\/imagenes\/fotos\/2025-01-20\/349769.jpg\"><img decoding=\"async\" class=\"img-responsive\" src=\"https:\/\/www.radiosudamericana.com\/notix\/multimedia\/imagenes\/fotos\/2025-01-20\/349769.jpg_nota.jpg\" \/><\/a><\/p>\n<p>&nbsp;<\/p>\n<div id=\"leermas\"><\/div>\n<p>&nbsp;<\/p>\n<p>Las entradas para el evento est\u00e1n disponibles en varios puntos de venta: el Centenario Shopping Mall, el Instituto de Cultura de Corrientes y el Museo de Ciencias Naturales \u201cDr. Amado Bonpland\u201d.<\/p>\n<p>Radio Sudamericana<\/p>\n<\/div>\n","protected":false},"excerpt":{"rendered":"<p>\u200bLa tercera noche de la 34\u00aa Fiesta Nacional del Chamam\u00e9 y la 20\u00aa Fiesta del Chamam\u00e9 del Mercosur seguir\u00e1 este domingo en el anfiteatro Tr\u00e1nsito Cocomarola.\u00a0Mir\u00e1 en la nota la grilla completa de artistas que podr\u00e1s presenciar este lunes 20. &nbsp; La 34\u00aa Fiesta Nacional del Chamam\u00e9 y la 20\u00aa Fiesta del Chamam\u00e9 del Mercosur [&hellip;]<\/p>\n","protected":false},"author":3,"featured_media":61105,"comment_status":"open","ping_status":"open","sticky":false,"template":"","format":"standard","meta":{"footnotes":""},"categories":[10],"tags":[],"class_list":["post-61104","post","type-post","status-publish","format-standard","has-post-thumbnail","hentry","category-provinciales"],"_links":{"self":[{"href":"https:\/\/informateesquina.com\/index.php?rest_route=\/wp\/v2\/posts\/61104","targetHints":{"allow":["GET"]}}],"collection":[{"href":"https:\/\/informateesquina.com\/index.php?rest_route=\/wp\/v2\/posts"}],"about":[{"href":"https:\/\/informateesquina.com\/index.php?rest_route=\/wp\/v2\/types\/post"}],"author":[{"embeddable":true,"href":"https:\/\/informateesquina.com\/index.php?rest_route=\/wp\/v2\/users\/3"}],"replies":[{"embeddable":true,"href":"https:\/\/informateesquina.com\/index.php?rest_route=%2Fwp%2Fv2%2Fcomments&post=61104"}],"version-history":[{"count":1,"href":"https:\/\/informateesquina.com\/index.php?rest_route=\/wp\/v2\/posts\/61104\/revisions"}],"predecessor-version":[{"id":61106,"href":"https:\/\/informateesquina.com\/index.php?rest_route=\/wp\/v2\/posts\/61104\/revisions\/61106"}],"wp:featuredmedia":[{"embeddable":true,"href":"https:\/\/informateesquina.com\/index.php?rest_route=\/wp\/v2\/media\/61105"}],"wp:attachment":[{"href":"https:\/\/informateesquina.com\/index.php?rest_route=%2Fwp%2Fv2%2Fmedia&parent=61104"}],"wp:term":[{"taxonomy":"category","embeddable":true,"href":"https:\/\/informateesquina.com\/index.php?rest_route=%2Fwp%2Fv2%2Fcategories&post=61104"},{"taxonomy":"post_tag","embeddable":true,"href":"https:\/\/informateesquina.com\/index.php?rest_route=%2Fwp%2Fv2%2Ftags&post=61104"}],"curies":[{"name":"wp","href":"https:\/\/api.w.org\/{rel}","templated":true}]}}